{"id":614421,"date":"2025-12-21T19:53:14","date_gmt":"2025-12-21T19:53:14","guid":{"rendered":"https:\/\/www.europesays.com\/fr\/614421\/"},"modified":"2025-12-21T19:53:14","modified_gmt":"2025-12-21T19:53:14","slug":"amateurs-tous-les-resultats-des-matchs-en-retard-de-nationale-2","status":"publish","type":"post","link":"https:\/\/www.europesays.com\/fr\/614421\/","title":{"rendered":"Amateurs \u2013 Tous les r\u00e9sultats des matchs en retard de Nationale 2"},"content":{"rendered":"<p>\n                Ce week-end se jouait des rencontres en retard de Nationale 2. D\u00e9couvrez les r\u00e9sultats\u00a0!\n            <\/p>\n<p>Indiqu\u00e9 au calendrier comme date de repli, ce week-end a permis de rattraper deux rencontres de Nationale 2, dans la poule 2. Quelques semaines apr\u00e8s la date initiale pr\u00e9vue entre les deux \u00e9quipes, leur classement n\u2019a pas chang\u00e9. La Seyne-sur-Mer, dixi\u00e8me, pr\u00e9c\u00e8de toujours Lannemezan d\u2019un rang et le vaincu passera No\u00ebl dans la zone rouge. Mais la dynamique n\u2019est plus la m\u00eame, en tout cas pour l\u2019\u00e9quipe du plateau. Alors que le 15\u00a0novembre dernier, elle se serait pr\u00e9sent\u00e9e dans le Var requinqu\u00e9e par deux succ\u00e8s \u00e0 domicile, contre le Stade m\u00e9tropolitain et le Servette Gen\u00e8ve, elle va encha\u00eener ce week-end un deuxi\u00e8me long voyage de suite, apr\u00e8s le d\u00e9placement perdant \u00e0 Pierrelatte (27-13), lanterne rouge, samedi dernier. En t\u00eate \u00e0 la pause, les Pyr\u00e9n\u00e9ens ont craqu\u00e9 et les Varois l\u2019ont finalement emport\u00e9 15 \u00e0 6.<\/p>\n<p>Tricastin, apr\u00e8s avoir battu Lanemezan, donc, recevait \u00e0 nouveau pour terminer l\u2019ann\u00e9e. Mais cette fois, c\u2019\u00e9tait\u00a0un adversaire d\u2019un autre calibre avec la venue dans la Dr\u00f4me de l\u2019ancien leader, Rumilly, quatri\u00e8me. En cas de victoire, les joueurs de Maxime Mermoz pouvaient passer premier de la poule 2. Mais les co\u00e9quipiers de Thomas Lanny ont r\u00e9alis\u00e9 l\u2019exploit, l\u2019emportant 18-17. Ils reviennent donc \u00e0 deux longueurs de Lanemezan, onzi\u00e8me, et cinq du Stade m\u00e9tropolitain, dixi\u00e8me.<\/p>\n","protected":false},"excerpt":{"rendered":"Ce week-end se jouait des rencontres en retard de Nationale 2. D\u00e9couvrez les r\u00e9sultats\u00a0! Indiqu\u00e9 au calendrier comme&hellip;\n","protected":false},"author":2,"featured_media":614422,"comment_status":"","ping_status":"","sticky":false,"template":"","format":"standard","meta":{"footnotes":""},"categories":[4],"tags":[11,5592,1011,27,12,25],"class_list":{"0":"post-614421","1":"post","2":"type-post","3":"status-publish","4":"format-standard","5":"has-post-thumbnail","7":"category-france","8":"tag-actualites","9":"tag-amateurs","10":"tag-fr","11":"tag-france","12":"tag-news","13":"tag-republique-francaise"},"share_on_mastodon":{"url":"https:\/\/pubeurope.com\/@fr\/115759310844805169","error":""},"_links":{"self":[{"href":"https:\/\/www.europesays.com\/fr\/wp-json\/wp\/v2\/posts\/614421","targetHints":{"allow":["GET"]}}],"collection":[{"href":"https:\/\/www.europesays.com\/fr\/wp-json\/wp\/v2\/posts"}],"about":[{"href":"https:\/\/www.europesays.com\/fr\/wp-json\/wp\/v2\/types\/post"}],"author":[{"embeddable":true,"href":"https:\/\/www.europesays.com\/fr\/wp-json\/wp\/v2\/users\/2"}],"replies":[{"embeddable":true,"href":"https:\/\/www.europesays.com\/fr\/wp-json\/wp\/v2\/comments?post=614421"}],"version-history":[{"count":0,"href":"https:\/\/www.europesays.com\/fr\/wp-json\/wp\/v2\/posts\/614421\/revisions"}],"wp:featuredmedia":[{"embeddable":true,"href":"https:\/\/www.europesays.com\/fr\/wp-json\/wp\/v2\/media\/614422"}],"wp:attachment":[{"href":"https:\/\/www.europesays.com\/fr\/wp-json\/wp\/v2\/media?parent=614421"}],"wp:term":[{"taxonomy":"category","embeddable":true,"href":"https:\/\/www.europesays.com\/fr\/wp-json\/wp\/v2\/categories?post=614421"},{"taxonomy":"post_tag","embeddable":true,"href":"https:\/\/www.europesays.com\/fr\/wp-json\/wp\/v2\/tags?post=614421"}],"curies":[{"name":"wp","href":"https:\/\/api.w.org\/{rel}","templated":true}]}}