{"id":614427,"date":"2025-12-21T19:56:12","date_gmt":"2025-12-21T19:56:12","guid":{"rendered":"https:\/\/www.europesays.com\/fr\/614427\/"},"modified":"2025-12-21T19:56:12","modified_gmt":"2025-12-21T19:56:12","slug":"un-an-de-deprime-eirik-horneland-est-a-bout","status":"publish","type":"post","link":"https:\/\/www.europesays.com\/fr\/614427\/","title":{"rendered":"Un an de d\u00e9prime, Eirik Horneland est \u00e0 bout"},"content":{"rendered":"<p><b>L&rsquo;AS Saint-Etienne n&rsquo;a pas tenu le choc face \u00e0 Nice, et quitte la <a href=\"https:\/\/www.foot01.com\/coupe-de-france\" title=\"Coupe de France\" target=\"_blank\" rel=\"noopener\">Coupe de France<\/a>. De quoi donner de nouveau regrets pour Eirik Horneland.<\/b>La Coupe de France \u00e9tait l\u2019occasion de mette un peu de piment dans la saison de<a href=\"https:\/\/www.foot01.com\/st-etienne\" target=\"_self\" rel=\"noopener\"> l\u2019AS Saint-Etienne,<\/a> qui peine \u00e0 convaincre en Ligue 2 malgr\u00e9 sa deuxi\u00e8me place actuelle. Les Verts vont devoir faire mieux, mais ils ne pourront pas vivre de belle aventure en Coupe de France en 2026. Malgr\u00e9 un club en crise et un public interdit \u00e0 l\u2019Allianz Riviera, Nice s\u2019est impos\u00e9e 2-1 contre l\u2019ASSE, et met fin \u00e0 sa s\u00e9rie de d\u00e9faites.Horneland, \u00e7a fait un an qu&rsquo;il cherche la bonne formule<\/p>\n<p>Pour le club du Forez, c\u2019est une belle occasion de montrer qu\u2019il a sa place en Ligue 1 qui vient de passer. Et Eirik Horneland va encore avoir du mal \u00e0 le dig\u00e9rer. Le coach norv\u00e9gien, connu pour son franc-parler, n\u2019a pas h\u00e9sit\u00e9 \u00e0 confier sa d\u00e9solation devant cette d\u00e9ception. Une de plus pour le technicien st\u00e9phanois, qui a du mal \u00e0 vivre des choses positives avec les Verts.<\/p>\n<p>\u00ab J\u2019ai vu des bonnes choses ce soir mais aussi des probl\u00e8mes r\u00e9currents depuis le d\u00e9but de saison. Vous pouvez marquer, vous pouvez attaquer mais quand vous conc\u00e9dez des buts, \u00e7a ne sert \u00e0 rien, ce match, c\u2019est notre r\u00e9alit\u00e9 depuis un an. Si ce n\u2019\u00e9tait qu\u2019une question de discours, nous aurions d\u00e9j\u00e0 corrig\u00e9 ces probl\u00e8mes, \u00e7a doit venir \u00e0 l\u2019entra\u00eenement, \u00e7a doit venir dans la personnalit\u00e9 des joueurs et cultiver cela. Cela demande de l\u2019engagement, du caract\u00e8re et un travail quotidien, cette \u00e9quipe \u00e0 une app\u00e9tence pour l\u2019attaque mais on manque de qualit\u00e9s pour d\u00e9fendre. Aujourd&rsquo;hui, (Mahmoud) Jaber a \u00e9t\u00e9 dans ce registre par exemple, on attend cela de toute l\u2019\u00e9quipe. Ce qui nous fait d\u00e9faut depuis le d\u00e9but de saison c\u2019est la continuit\u00e9 aussi. On a de la difficult\u00e9 \u00e0 s\u2019appuyer sur une ligne d\u00e9fensive stable. Pour devenir meilleurs, on doit trouver le bon \u00e9quilibre entre attaque et d\u00e9fense\u00a0\u00bb, a lanc\u00e9 un Eirik Horneland qui estime que son \u00e9quipe ne r\u00e9pond pas \u00e0 ses exigences depuis d\u00e9sormais un an. Cela fait long pour des St\u00e9phanois qui vont d\u00e9sormais se concentrer sur la mont\u00e9e en Ligue 1. Sans quoi l\u2019entraineur norv\u00e9gien ne risque pas de faire de vieux os dans la Loire.\u00a0<\/p>\n","protected":false},"excerpt":{"rendered":"L&rsquo;AS Saint-Etienne n&rsquo;a pas tenu le choc face \u00e0 Nice, et quitte la Coupe de France. De quoi&hellip;\n","protected":false},"author":2,"featured_media":614428,"comment_status":"","ping_status":"","sticky":false,"template":"","format":"standard","meta":{"footnotes":""},"categories":[9653],"tags":[1111,11,461,2430,83,1777,674,1011,27,12,25,4001],"class_list":{"0":"post-614427","1":"post","2":"type-post","3":"status-publish","4":"format-standard","5":"has-post-thumbnail","7":"category-saint-etienne","8":"tag-actu","9":"tag-actualites","10":"tag-asse","11":"tag-auvergne-rhone-alpes","12":"tag-coupe-de-france","13":"tag-eu","14":"tag-europe","15":"tag-fr","16":"tag-france","17":"tag-news","18":"tag-republique-francaise","19":"tag-saint-etienne"},"share_on_mastodon":{"url":"","error":""},"_links":{"self":[{"href":"https:\/\/www.europesays.com\/fr\/wp-json\/wp\/v2\/posts\/614427","targetHints":{"allow":["GET"]}}],"collection":[{"href":"https:\/\/www.europesays.com\/fr\/wp-json\/wp\/v2\/posts"}],"about":[{"href":"https:\/\/www.europesays.com\/fr\/wp-json\/wp\/v2\/types\/post"}],"author":[{"embeddable":true,"href":"https:\/\/www.europesays.com\/fr\/wp-json\/wp\/v2\/users\/2"}],"replies":[{"embeddable":true,"href":"https:\/\/www.europesays.com\/fr\/wp-json\/wp\/v2\/comments?post=614427"}],"version-history":[{"count":0,"href":"https:\/\/www.europesays.com\/fr\/wp-json\/wp\/v2\/posts\/614427\/revisions"}],"wp:featuredmedia":[{"embeddable":true,"href":"https:\/\/www.europesays.com\/fr\/wp-json\/wp\/v2\/media\/614428"}],"wp:attachment":[{"href":"https:\/\/www.europesays.com\/fr\/wp-json\/wp\/v2\/media?parent=614427"}],"wp:term":[{"taxonomy":"category","embeddable":true,"href":"https:\/\/www.europesays.com\/fr\/wp-json\/wp\/v2\/categories?post=614427"},{"taxonomy":"post_tag","embeddable":true,"href":"https:\/\/www.europesays.com\/fr\/wp-json\/wp\/v2\/tags?post=614427"}],"curies":[{"name":"wp","href":"https:\/\/api.w.org\/{rel}","templated":true}]}}