{"id":614431,"date":"2025-12-21T19:58:17","date_gmt":"2025-12-21T19:58:17","guid":{"rendered":"https:\/\/www.europesays.com\/fr\/614431\/"},"modified":"2025-12-21T19:58:17","modified_gmt":"2025-12-21T19:58:17","slug":"500-grammes-de-cannabis-livres-par-drone-dans-cette-prison-de-meurthe-et-moselle","status":"publish","type":"post","link":"https:\/\/www.europesays.com\/fr\/614431\/","title":{"rendered":"500 grammes de cannabis livr\u00e9s par drone dans cette prison de Meurthe-et-Moselle"},"content":{"rendered":"<p>Ce samedi 20 et dimanche 21 d\u00e9cembre, des drones ont tent\u00e9 de livrer des marchandises \u00e0 la prison Nancy-Max\u00e9ville. D&rsquo;apr\u00e8s le syndicat FO Justice, des agents ont retrouv\u00e9 de nombreux objets ce week-end comme des t\u00e9l\u00e9phones ou 500 grammes de cannabis. <\/p>\n<p>\u00ab\u00a0Un v\u00e9ritable magasin volant\u00a0\u00bb, voil\u00e0 comment le syndicat FO Justice d\u00e9crit le ciel au-dessus de la\u00a0<a class=\"IciLink ici-link IciArticleLink g-ici-body-regular-1 underline brand svelte-1chfe2s\" href=\"https:\/\/www.francebleu.fr\/infos\/faits-divers-justice\/quand-une-alerte-a-la-bombe-seme-la-pagaille-a-la-maison-d-arret-de-nancy-4938560\" target=\"_blank\" rel=\"noopener\">prison de Nancy-Max\u00e9ville<\/a>. Il y a encore eu de <strong>nombreuses livraisons de drone dans la nuit<\/strong> ce week-end, le samedi 20 et dimanche 21 d\u00e9cembre, \u00e0 destination des prisonniers.<\/p>\n<p>Les agents de la prison ont d\u00e9couvert par exemple <strong>500 grammes de cannabis, un iPod, des cartes SIM, des t\u00e9l\u00e9phones<\/strong>\u2026 Des colis \u00e9chou\u00e9s sur le toit de la prison, principalement. Force Ouvri\u00e8re f\u00e9licite les surveillants pour ces d\u00e9couvertes et r\u00e9clame l&rsquo;installation de filets anti-projections ainsi que de nouvelles grandes op\u00e9rations de fouilles dans les cellules.<\/p>\n<p>Une pr\u00e9c\u00e9dente \u00ab\u00a0fouille XXL\u00a0\u00bb<\/p>\n<p><a class=\"IciLink ici-link IciArticleLink g-ici-body-regular-1 underline brand svelte-1chfe2s\" href=\"https:\/\/www.francebleu.fr\/infos\/faits-divers-justice\/operation-de-fouille-a-la-maison-d-arret-de-nancy-maxeville-des-telephones-et-de-la-drogue-retrouves-dans-les-cellules-9698617\" target=\"_blank\" rel=\"noopener\">La derni\u00e8re op\u00e9ration de fouille de grande ampleur<\/a>\u00a0dans la prison lorraine remonte au lundi 8 d\u00e9cembre. De nombreux t\u00e9l\u00e9phones et de la drogue ont notamment \u00e9t\u00e9 saisis selon Force Ouvri\u00e8re.\u00a0Le syndicat parlait d&rsquo;une\u00a0\u00ab\u00a0fouille XXL\u00a0\u00bb\u00a0qui a concern\u00e9 80 d\u00e9tenus\u00a0\u00ab\u00a0simultan\u00e9ment.\u00a0\u00bb<\/p>\n<p>Cela avait permis de trouver\u00a0<strong>18 t\u00e9l\u00e9phones portables et 250 grammes de produits stup\u00e9fiants<\/strong>. Ces recherches avaient \u00e9t\u00e9 demand\u00e9es en\u00a0novembre par le garde des Sceaux,\u00a0G\u00e9rald Darmanin, qui souhaitait des contr\u00f4les\u00a0dans toutes les prisons d&rsquo;ici le 31 d\u00e9cembre<\/p>\n","protected":false},"excerpt":{"rendered":"Ce samedi 20 et dimanche 21 d\u00e9cembre, des drones ont tent\u00e9 de livrer des marchandises \u00e0 la prison&hellip;\n","protected":false},"author":2,"featured_media":614432,"comment_status":"","ping_status":"","sticky":false,"template":"","format":"standard","meta":{"footnotes":""},"categories":[9635],"tags":[1111,11,1777,674,1011,27,775,1702,12,25],"class_list":{"0":"post-614431","1":"post","2":"type-post","3":"status-publish","4":"format-standard","5":"has-post-thumbnail","7":"category-nancy","8":"tag-actu","9":"tag-actualites","10":"tag-eu","11":"tag-europe","12":"tag-fr","13":"tag-france","14":"tag-grand-est","15":"tag-nancy","16":"tag-news","17":"tag-republique-francaise"},"share_on_mastodon":{"url":"https:\/\/pubeurope.com\/@fr\/115759330386840190","error":""},"_links":{"self":[{"href":"https:\/\/www.europesays.com\/fr\/wp-json\/wp\/v2\/posts\/614431","targetHints":{"allow":["GET"]}}],"collection":[{"href":"https:\/\/www.europesays.com\/fr\/wp-json\/wp\/v2\/posts"}],"about":[{"href":"https:\/\/www.europesays.com\/fr\/wp-json\/wp\/v2\/types\/post"}],"author":[{"embeddable":true,"href":"https:\/\/www.europesays.com\/fr\/wp-json\/wp\/v2\/users\/2"}],"replies":[{"embeddable":true,"href":"https:\/\/www.europesays.com\/fr\/wp-json\/wp\/v2\/comments?post=614431"}],"version-history":[{"count":0,"href":"https:\/\/www.europesays.com\/fr\/wp-json\/wp\/v2\/posts\/614431\/revisions"}],"wp:featuredmedia":[{"embeddable":true,"href":"https:\/\/www.europesays.com\/fr\/wp-json\/wp\/v2\/media\/614432"}],"wp:attachment":[{"href":"https:\/\/www.europesays.com\/fr\/wp-json\/wp\/v2\/media?parent=614431"}],"wp:term":[{"taxonomy":"category","embeddable":true,"href":"https:\/\/www.europesays.com\/fr\/wp-json\/wp\/v2\/categories?post=614431"},{"taxonomy":"post_tag","embeddable":true,"href":"https:\/\/www.europesays.com\/fr\/wp-json\/wp\/v2\/tags?post=614431"}],"curies":[{"name":"wp","href":"https:\/\/api.w.org\/{rel}","templated":true}]}}