{"id":614437,"date":"2025-12-21T20:02:12","date_gmt":"2025-12-21T20:02:12","guid":{"rendered":"https:\/\/www.europesays.com\/fr\/614437\/"},"modified":"2025-12-21T20:02:12","modified_gmt":"2025-12-21T20:02:12","slug":"un-couple-avec-un-bebe-de-4-mois-parmi-les-victimes-legerement-intoxiquees-feu-dappartement-dans-le-quartier-des-beaux-arts-a-montpellier","status":"publish","type":"post","link":"https:\/\/www.europesays.com\/fr\/614437\/","title":{"rendered":"Un couple avec un b\u00e9b\u00e9 de 4 mois parmi les victimes l\u00e9g\u00e8rement intoxiqu\u00e9es\u00a0: feu d\u2019appartement dans le quartier des Beaux-Arts \u00e0 Montpellier"},"content":{"rendered":"<p>\n                                                                Un incendie s\u2019est d\u00e9clar\u00e9 ce dimanche 21\u00a0d\u00e9cembre en d\u00e9but de soir\u00e9e dans un appartement de la rue Lakanal \u00e0 Montpellier. Six personnes ont \u00e9t\u00e9 prises en charge par les sapeurs-pompiers.\n                            <\/p>\n<p>Six personnes, dont un couple avec un b\u00e9b\u00e9 de 4 mois, ont \u00e9t\u00e9 l\u00e9g\u00e8rement intoxiqu\u00e9es ce dimanche 21\u00a0d\u00e9cembre en d\u00e9but de soir\u00e9e, \u00e0 la suite\u00a0d\u2019un incendie qui s\u2019est d\u00e9clar\u00e9 dans un appartement de la rue Lakanal, dans le quartier des Beaux-Arts, \u00e0 Montpellier. Les victimes ont \u00e9t\u00e9 class\u00e9es en urgence relative.<\/p>\n<p>Des policiers mettent les victimes \u00e0 l\u2019abri<\/p>\n<p>Le sinistre, dont la propagation a \u00e9t\u00e9 limit\u00e9e \u00e0 la lance \u00e0 eau par les sapeurs-pompiers, concerne un logement situ\u00e9 au rez-de-chauss\u00e9e d\u2019un b\u00e2timent d\u2019un \u00e9tage.\u00a0Trois policiers nationaux avaient mis les occupants \u00e0 l\u2019abri en attendant l\u2019arriv\u00e9e des pompiers.<\/p>\n","protected":false},"excerpt":{"rendered":"Un incendie s\u2019est d\u00e9clar\u00e9 ce dimanche 21\u00a0d\u00e9cembre en d\u00e9but de soir\u00e9e dans un appartement de la rue Lakanal&hellip;\n","protected":false},"author":2,"featured_media":614438,"comment_status":"","ping_status":"","sticky":false,"template":"","format":"standard","meta":{"footnotes":""},"categories":[9599],"tags":[1111,11,1777,674,118,1011,27,7089,2208,12,2680,25],"class_list":{"0":"post-614437","1":"post","2":"type-post","3":"status-publish","4":"format-standard","5":"has-post-thumbnail","7":"category-montpellier","8":"tag-actu","9":"tag-actualites","10":"tag-eu","11":"tag-europe","12":"tag-faits-divers","13":"tag-fr","14":"tag-france","15":"tag-herault","16":"tag-montpellier","17":"tag-news","18":"tag-occitanie","19":"tag-republique-francaise"},"share_on_mastodon":{"url":"https:\/\/pubeurope.com\/@fr\/115759346313579238","error":""},"_links":{"self":[{"href":"https:\/\/www.europesays.com\/fr\/wp-json\/wp\/v2\/posts\/614437","targetHints":{"allow":["GET"]}}],"collection":[{"href":"https:\/\/www.europesays.com\/fr\/wp-json\/wp\/v2\/posts"}],"about":[{"href":"https:\/\/www.europesays.com\/fr\/wp-json\/wp\/v2\/types\/post"}],"author":[{"embeddable":true,"href":"https:\/\/www.europesays.com\/fr\/wp-json\/wp\/v2\/users\/2"}],"replies":[{"embeddable":true,"href":"https:\/\/www.europesays.com\/fr\/wp-json\/wp\/v2\/comments?post=614437"}],"version-history":[{"count":0,"href":"https:\/\/www.europesays.com\/fr\/wp-json\/wp\/v2\/posts\/614437\/revisions"}],"wp:featuredmedia":[{"embeddable":true,"href":"https:\/\/www.europesays.com\/fr\/wp-json\/wp\/v2\/media\/614438"}],"wp:attachment":[{"href":"https:\/\/www.europesays.com\/fr\/wp-json\/wp\/v2\/media?parent=614437"}],"wp:term":[{"taxonomy":"category","embeddable":true,"href":"https:\/\/www.europesays.com\/fr\/wp-json\/wp\/v2\/categories?post=614437"},{"taxonomy":"post_tag","embeddable":true,"href":"https:\/\/www.europesays.com\/fr\/wp-json\/wp\/v2\/tags?post=614437"}],"curies":[{"name":"wp","href":"https:\/\/api.w.org\/{rel}","templated":true}]}}