{"id":614454,"date":"2025-12-21T20:17:44","date_gmt":"2025-12-21T20:17:44","guid":{"rendered":"https:\/\/www.europesays.com\/fr\/614454\/"},"modified":"2025-12-21T20:17:44","modified_gmt":"2025-12-21T20:17:44","slug":"le-tablier-du-futur-pont-anne-de-bretagne-a-nantes-desormais-attendu-pour-fin-decembre-2","status":"publish","type":"post","link":"https:\/\/www.europesays.com\/fr\/614454\/","title":{"rendered":"Le tablier du futur pont Anne-de-Bretagne \u00e0 Nantes d\u00e9sormais attendu pour fin d\u00e9cembre"},"content":{"rendered":"<p>Plus les jours passaient, plus l\u2019espoir de <a href=\"https:\/\/nantes.maville.com\/actu\/actudet_-le-tablier-du-futur-pont-anne-de-bretagne-de-nantes-une-expedition-hors-normes-a-travers-les-mers-_8-7108541_actu.Htm\" target=\"_self\" rel=\"noopener\">voir arriver le tablier du futur pont Anne-de-Bretagne<\/a> au samedi 20\u00a0d\u00e9cembre s\u2019amenuisait. En cette fin de semaine, il n\u2019y a plus de doute\u00a0: le site Marine Traffic, qui rend compte de <a href=\"https:\/\/www.marinetraffic.com\/en\/ais\/home\/centerx:-6.6\/centery:36.7\/zoom:10\" target=\"_self\" rel=\"noopener\">l\u2019avanc\u00e9e du convoi en temps r\u00e9el<\/a>, situe la barge dans le golfe de Cadix, sur la c\u00f4te atlantique de l\u2019Andalousie et de l\u2019Algarve, au sud du Portugal. Bien loin de Nantes (Loire-Atlantique).<\/p>\n<p>Pas de remise en question du calendrier<\/p>\n<p>Apr\u00e8s celle du 13\u00a0septembre, le 20\u00a0d\u00e9cembre \u00e9tait la derni\u00e8re estimation donn\u00e9e par la M\u00e9tropole, qui avait provoqu\u00e9 <a href=\"https:\/\/nantes.maville.com\/actu\/actudet_-a-nantes-le-flou-autour-de-l-arrivee-du-pont-anne-de-bretagne-et-sa-fermeture-pesent-sur-les-commerces-avant-noel-_8-7096111_actu.Htm\" target=\"_self\" rel=\"noopener\">l\u2019inqui\u00e9tude des commer\u00e7ants du secteur,<\/a> en pleine p\u00e9riode de f\u00eates. Dans sa derni\u00e8re mise \u00e0 jour, le constructeur GTM Ouest, mandataire du groupement d\u2019entreprises charg\u00e9 du nouvel ouvrage, estime d\u00e9sormais l\u2019arriv\u00e9e de la structure m\u00e9tallique dans \u00a0la derni\u00e8re semaine de d\u00e9cembre\u00a0\u00bb, indique Sophie Louis, cheffe de projet \u00e0 Nantes m\u00e9tropole.<\/p>\n<p>Pour autant, le calendrier n\u2019est \u00a0pas remis en question\u00a0\u00bb, pr\u00e9cise-t-elle, avec une mise en service de l\u2019ouvrage en septembre\u00a02026 et la circulation des nouvelles lignes de tramway fin 2027.<\/p>\n<p>\u00a0<\/p>\n","protected":false},"excerpt":{"rendered":"Plus les jours passaient, plus l\u2019espoir de voir arriver le tablier du futur pont Anne-de-Bretagne au samedi 20\u00a0d\u00e9cembre&hellip;\n","protected":false},"author":2,"featured_media":611609,"comment_status":"","ping_status":"","sticky":false,"template":"","format":"standard","meta":{"footnotes":""},"categories":[2818],"tags":[1111,11,36993,49832,18637,1777,674,5729,1011,27,5852,766,12,2636,5604,25,6689,72272,9693],"class_list":{"0":"post-614454","1":"post","2":"type-post","3":"status-publish","4":"format-standard","5":"has-post-thumbnail","7":"category-nantes","8":"tag-actu","9":"tag-actualites","10":"tag-anne-de-bretagne","11":"tag-decembre","12":"tag-desormais","13":"tag-eu","14":"tag-europe","15":"tag-fin","16":"tag-fr","17":"tag-france","18":"tag-futur","19":"tag-nantes","20":"tag-news","21":"tag-pays-de-la-loire","22":"tag-pont","23":"tag-republique-francaise","24":"tag-roche","25":"tag-tablier","26":"tag-yon"},"share_on_mastodon":{"url":"https:\/\/pubeurope.com\/@fr\/115759405052431717","error":""},"_links":{"self":[{"href":"https:\/\/www.europesays.com\/fr\/wp-json\/wp\/v2\/posts\/614454","targetHints":{"allow":["GET"]}}],"collection":[{"href":"https:\/\/www.europesays.com\/fr\/wp-json\/wp\/v2\/posts"}],"about":[{"href":"https:\/\/www.europesays.com\/fr\/wp-json\/wp\/v2\/types\/post"}],"author":[{"embeddable":true,"href":"https:\/\/www.europesays.com\/fr\/wp-json\/wp\/v2\/users\/2"}],"replies":[{"embeddable":true,"href":"https:\/\/www.europesays.com\/fr\/wp-json\/wp\/v2\/comments?post=614454"}],"version-history":[{"count":0,"href":"https:\/\/www.europesays.com\/fr\/wp-json\/wp\/v2\/posts\/614454\/revisions"}],"wp:featuredmedia":[{"embeddable":true,"href":"https:\/\/www.europesays.com\/fr\/wp-json\/wp\/v2\/media\/611609"}],"wp:attachment":[{"href":"https:\/\/www.europesays.com\/fr\/wp-json\/wp\/v2\/media?parent=614454"}],"wp:term":[{"taxonomy":"category","embeddable":true,"href":"https:\/\/www.europesays.com\/fr\/wp-json\/wp\/v2\/categories?post=614454"},{"taxonomy":"post_tag","embeddable":true,"href":"https:\/\/www.europesays.com\/fr\/wp-json\/wp\/v2\/tags?post=614454"}],"curies":[{"name":"wp","href":"https:\/\/api.w.org\/{rel}","templated":true}]}}