{"id":614461,"date":"2025-12-21T20:22:21","date_gmt":"2025-12-21T20:22:21","guid":{"rendered":"https:\/\/www.europesays.com\/fr\/614461\/"},"modified":"2025-12-21T20:22:21","modified_gmt":"2025-12-21T20:22:21","slug":"une-voiture-prend-feu-en-plein-centre-ville-haute-garonne","status":"publish","type":"post","link":"https:\/\/www.europesays.com\/fr\/614461\/","title":{"rendered":"Une voiture prend feu en plein centre-ville &#8211; Haute Garonne"},"content":{"rendered":"<p>                    <img width=\"1644\" height=\"1200\" src=\"https:\/\/www.europesays.com\/fr\/wp-content\/uploads\/2025\/12\/Capture-decran-2025-12-20-a-13.20.25.jpg\" class=\"img-fluid landscape wp-post-image\" alt=\"Lieu de l'incendie, Place Wilson \u00e0 Toulouse\" itemprop=\"image\" decoding=\"async\" fetchpriority=\"high\"  \/>                    <\/p>\n<p itemprop=\"name\">\n                                                Lieu de l&rsquo;incendie, Place Wilson \u00e0 Toulouse<br \/>\n                         Cr\u00e9dits :<br \/>\n                            Google Maps\n                                                <\/p>\n<p style=\"font-weight: 400\">Les sapeurs-pompiers de la Haute-Garonne ont \u00e9t\u00e9 engag\u00e9s dans la soir\u00e9e du jeudi 19 d\u00e9cembre aux alentours de 21h, pour un feu de v\u00e9hicule situ\u00e9 place Wilson \u00e0 Toulouse. Rapidement arriv\u00e9s sur les lieux, les soldats du feu ont pu \u00ab contenir et \u00e9teindre l\u2019incendie au moyen d\u2019une lance \u00bb, d\u00e9clare le SDIS 31. Selon les pr\u00e9cisions fournies par la caserne, \u00ab la localisation de l\u2019\u00e9v\u00e9nement a g\u00e9n\u00e9r\u00e9 une coupure de la circulation par les FSI ainsi que la mise en place d\u2019un p\u00e9rim\u00e8tre de s\u00e9curit\u00e9 afin de tenir \u00e0 distance les nombreux badauds pr\u00e9sents \u00e0 cette heure-ci \u00bb. Les causes de l\u2019incendie sont encore ind\u00e9termin\u00e9es.<\/p>\n<p>                Cet article est r\u00e9serv\u00e9 aux abonn\u00e9s.<\/p>\n<p class=\"signature\" itemscope=\"\" itemprop=\"Author\" itemtype=\"http:\/\/schema.org\/Person\">\n                LB31\n            <\/p>\n","protected":false},"excerpt":{"rendered":"Lieu de l&rsquo;incendie, Place Wilson \u00e0 Toulouse Cr\u00e9dits : Google Maps Les sapeurs-pompiers de la Haute-Garonne ont \u00e9t\u00e9&hellip;\n","protected":false},"author":2,"featured_media":614462,"comment_status":"","ping_status":"","sticky":false,"template":"","format":"standard","meta":{"footnotes":""},"categories":[2816],"tags":[1111,11,1777,674,1011,27,12,2680,301,25,2312],"class_list":{"0":"post-614461","1":"post","2":"type-post","3":"status-publish","4":"format-standard","5":"has-post-thumbnail","7":"category-toulouse","8":"tag-actu","9":"tag-actualites","10":"tag-eu","11":"tag-europe","12":"tag-fr","13":"tag-france","14":"tag-news","15":"tag-occitanie","16":"tag-premium","17":"tag-republique-francaise","18":"tag-toulouse"},"share_on_mastodon":{"url":"https:\/\/pubeurope.com\/@fr\/115759425778465064","error":""},"_links":{"self":[{"href":"https:\/\/www.europesays.com\/fr\/wp-json\/wp\/v2\/posts\/614461","targetHints":{"allow":["GET"]}}],"collection":[{"href":"https:\/\/www.europesays.com\/fr\/wp-json\/wp\/v2\/posts"}],"about":[{"href":"https:\/\/www.europesays.com\/fr\/wp-json\/wp\/v2\/types\/post"}],"author":[{"embeddable":true,"href":"https:\/\/www.europesays.com\/fr\/wp-json\/wp\/v2\/users\/2"}],"replies":[{"embeddable":true,"href":"https:\/\/www.europesays.com\/fr\/wp-json\/wp\/v2\/comments?post=614461"}],"version-history":[{"count":0,"href":"https:\/\/www.europesays.com\/fr\/wp-json\/wp\/v2\/posts\/614461\/revisions"}],"wp:featuredmedia":[{"embeddable":true,"href":"https:\/\/www.europesays.com\/fr\/wp-json\/wp\/v2\/media\/614462"}],"wp:attachment":[{"href":"https:\/\/www.europesays.com\/fr\/wp-json\/wp\/v2\/media?parent=614461"}],"wp:term":[{"taxonomy":"category","embeddable":true,"href":"https:\/\/www.europesays.com\/fr\/wp-json\/wp\/v2\/categories?post=614461"},{"taxonomy":"post_tag","embeddable":true,"href":"https:\/\/www.europesays.com\/fr\/wp-json\/wp\/v2\/tags?post=614461"}],"curies":[{"name":"wp","href":"https:\/\/api.w.org\/{rel}","templated":true}]}}