{"id":614465,"date":"2025-12-21T20:25:13","date_gmt":"2025-12-21T20:25:13","guid":{"rendered":"https:\/\/www.europesays.com\/fr\/614465\/"},"modified":"2025-12-21T20:25:13","modified_gmt":"2025-12-21T20:25:13","slug":"un-derby-psg-paris-fc-un-probable-choc-lille-lyon-lom-face-au-petit-poucet-le-tirage-des-16es-de-finale","status":"publish","type":"post","link":"https:\/\/www.europesays.com\/fr\/614465\/","title":{"rendered":"un derby PSG-Paris FC, un probable choc Lille-Lyon, l\u2019OM face au petit Poucet&#8230; le tirage des 16es de finale"},"content":{"rendered":"<p>\n    Le tirage au sort des 16es de finale de la Coupe de France a r\u00e9serv\u00e9 quelques belles affiches.<\/p>\n<p class=\"fig-paragraph\">Un nouveau derby entre le Paris SG et le Paris FC se jouera mi-janvier en 16e de finale de Coupe de France, dont le tirage au sort dimanche a \u00e9galement r\u00e9serv\u00e9 l\u2019Olympique de Marseille au Petit Poucet Bayeux (R1).<\/p>\n<p class=\"fig-paragraph\">Deux derbies en une semaine! Apr\u00e8s un premier PSG-PFC le 4 janvier en Ligue 1, l\u2019affiche sera rejou\u00e9e en Coupe de France le week-end des 10 et 11 janvier, ainsi en ont d\u00e9cid\u00e9 les mains de l\u2019international de rugby Ga\u00ebl Fickou et du champion d\u2019Europe 1984 Luis Fernandez.<\/p>\n<p>                                            <a class=\"fig-a11y-skip\" href=\"#fig-a11y-skip-main-inarticle\" data-module=\"a11y-skip\" data-context=\"was @visible\"><br \/>\n    Passer la publicit\u00e9<br \/>\n<\/a>            <\/p>\n<p class=\"fig-paragraph\">La ville lumi\u00e8re qui a attendu un derby dans l\u2019\u00e9lite pendant 36 ans, depuis le PSG-Racing (1-2) de f\u00e9vrier 1990, en verra deux en une semaine.<\/p>\n<p class=\"fig-paragraph\">Deux autres chocs entre clubs de Ligue 1 animeront ces 16e de finale, Nantes-Nice, affiche de la finale 2022 remport\u00e9e par les Canaris (1-0), et Angers-Toulouse, qui fut la finale 1957, gagn\u00e9e par le TFC (6-3).<\/p>\n<p class=\"fig-paragraph\">Il devrait y en avoir un quatri\u00e8me, Lille-Lyon, si l\u2019OL \u00e9limine dans la soir\u00e9e les amateurs de Saint-Cyr-Collonges-au-Mont-d\u2019Or (R1) dans le match de cl\u00f4ture des 32e de finale de la Coupe.<\/p>\n<p class=\"fig-paragraph\">Orl\u00e9ans (N)-Monaco (L1) fut aussi une affiche de finale de Coupe de France, en 1980, remport\u00e9e par l\u2019ASM contre le club du Loiret, qui \u00e9voluait alors en 2e division.<\/p>\n<p class=\"fig-paragraph\">Si Bayeux a h\u00e9rit\u00e9 d\u2019un grand club fran\u00e7ais, l\u2019OM, comme il en r\u00eavait, l\u2019autre Petit Poucet Montreuil (R1) recevra Amiens (L2).<\/p>\n<p>                                            <a class=\"fig-a11y-skip\" href=\"#fig-a11y-skip-main-inarticle_mtf\" data-module=\"a11y-skip\" data-context=\"was @visible\"><br \/>\n    Passer la publicit\u00e9<br \/>\n<\/a>            <\/p>\n<p class=\"fig-paragraph\"><strong>Le programme des 16e de finale:<\/strong> <br \/>Paris SG (L1) &#8211; Paris FC (L1)<br \/>Bayeux (R1) &#8211; Marseille (L1)<br \/>Lille (L1) &#8211; Lyon (L1) ou Saint-Cyr-Collonges (R1)<br \/>Nantes (L1) &#8211; Nice (L1)<br \/>Angers (L1) &#8211; Toulouse (L1)<br \/>Le Puy (N) &#8211; Reims (L2)<br \/>Sochaux (N) &#8211; Lens (L1)<br \/>Hauts Lyonnais (N3) &#8211; Lorient (L1)<br \/>Montreuil (R1) &#8211; Amiens (L2)<br \/>Orl\u00e9ans (N) &#8211; Monaco (L1)<br \/>Istres (N2) &#8211; Laval (L2)<br \/>Avranches (N2) &#8211; Strasbourg (L1)<br \/>Le Mans (L2) &#8211; Nancy (L2)<br \/>Metz (L1) &#8211; Montpellier (L2)<br \/>Chantilly (N2) &#8211; Rennes (L1)<br \/>Bastia (L2) &#8211; Troyes (L2)<\/p>\n","protected":false},"excerpt":{"rendered":"Le tirage au sort des 16es de finale de la Coupe de France a r\u00e9serv\u00e9 quelques belles affiches.&hellip;\n","protected":false},"author":2,"featured_media":614466,"comment_status":"","ping_status":"","sticky":false,"template":"","format":"standard","meta":{"footnotes":""},"categories":[2815],"tags":[1111,11,1777,674,1011,27,811,1307,12,1176,445,93,25],"class_list":{"0":"post-614465","1":"post","2":"type-post","3":"status-publish","4":"format-standard","5":"has-post-thumbnail","7":"category-lille","8":"tag-actu","9":"tag-actualites","10":"tag-eu","11":"tag-europe","12":"tag-fr","13":"tag-france","14":"tag-hauts-de-france","15":"tag-lille","16":"tag-news","17":"tag-olympique-de-marseille","18":"tag-paris-fc","19":"tag-psg","20":"tag-republique-francaise"},"share_on_mastodon":{"url":"https:\/\/pubeurope.com\/@fr\/115759436581207457","error":""},"_links":{"self":[{"href":"https:\/\/www.europesays.com\/fr\/wp-json\/wp\/v2\/posts\/614465","targetHints":{"allow":["GET"]}}],"collection":[{"href":"https:\/\/www.europesays.com\/fr\/wp-json\/wp\/v2\/posts"}],"about":[{"href":"https:\/\/www.europesays.com\/fr\/wp-json\/wp\/v2\/types\/post"}],"author":[{"embeddable":true,"href":"https:\/\/www.europesays.com\/fr\/wp-json\/wp\/v2\/users\/2"}],"replies":[{"embeddable":true,"href":"https:\/\/www.europesays.com\/fr\/wp-json\/wp\/v2\/comments?post=614465"}],"version-history":[{"count":0,"href":"https:\/\/www.europesays.com\/fr\/wp-json\/wp\/v2\/posts\/614465\/revisions"}],"wp:featuredmedia":[{"embeddable":true,"href":"https:\/\/www.europesays.com\/fr\/wp-json\/wp\/v2\/media\/614466"}],"wp:attachment":[{"href":"https:\/\/www.europesays.com\/fr\/wp-json\/wp\/v2\/media?parent=614465"}],"wp:term":[{"taxonomy":"category","embeddable":true,"href":"https:\/\/www.europesays.com\/fr\/wp-json\/wp\/v2\/categories?post=614465"},{"taxonomy":"post_tag","embeddable":true,"href":"https:\/\/www.europesays.com\/fr\/wp-json\/wp\/v2\/tags?post=614465"}],"curies":[{"name":"wp","href":"https:\/\/api.w.org\/{rel}","templated":true}]}}