{"id":614469,"date":"2025-12-21T20:27:22","date_gmt":"2025-12-21T20:27:22","guid":{"rendered":"https:\/\/www.europesays.com\/fr\/614469\/"},"modified":"2025-12-21T20:27:22","modified_gmt":"2025-12-21T20:27:22","slug":"les-affiches-des-16es-de-finale-federation-francaise-de-football-fff","status":"publish","type":"post","link":"https:\/\/www.europesays.com\/fr\/614469\/","title":{"rendered":"Les affiches des 16es de finale | F\u00e9d\u00e9ration Fran\u00e7aise de Football (FFF)"},"content":{"rendered":"<p>                                                              <img data-twic-src=\"https:\/\/www.europesays.com\/fr\/wp-content\/uploads\/2025\/12\/336a8dcc88c4d0a5511204330dd40da6.jpg\" data-credit=\"Philippe LE BRECH \/ APL \/ FFF\" title=\"Philippe LE BRECH \/ APL \/ FFF\" alt=\"Tirage au sort Coupe de France\" class=\"block\"\/>                                        <\/p>\n<p style=\"font-weight: bold\">Le tirage au sort des 16es de finale a \u00e9t\u00e9 r\u00e9alis\u00e9 le dimanche 21 d\u00e9cembre sur beIN SPORTS, pour des matches programm\u00e9s le week-end du 10 janvier prochain.<\/p>\n<p>Le trois-quarts centre du XV de France Ga\u00ebl Fickou et <a href=\"https:\/\/www.fff.fr\/equipe-nationale\/joueur\/9808-fernandez-luis\/fiche.html\" target=\"_blank\" rel=\"noopener\">Luis Fernandez<\/a>, champion d\u2019Europe 1984 avec les Bleus et double vainqueur de la Coupe avec le Paris Saint-Germain (1982 et 1983) ont proc\u00e9d\u00e9 dimanche 21 d\u00e9cembre au tirage au sort des 16es de finale de la 109e Coupe de France Cr\u00e9dit Agricole dans l\u2019\u00e9mission Jour de Coupe de <a href=\"https:\/\/www.fff.fr\/article\/15975-bein-sports-diffuseur-de-la-coupe-de-france-credit-agricole-jusqu-en-2030.html\" target=\"_blank\" rel=\"noopener\">beIN SPORTS, codiffuseur officiel<\/a> de l\u2019\u00e9preuve avec France T\u00e9l\u00e9visions.\u00a0<\/p>\n<p>Le <a href=\"https:\/\/www.fff.fr\/article\/15998-bayeux-sauve-le-regional.html\" target=\"_blank\" rel=\"noopener\">Bayeux FC, l\u2019un des deux rescap\u00e9s du R\u00e9gional<\/a>, a h\u00e9rit\u00e9 de l\u2019Olympique de Marseille, actuel troisi\u00e8me de la Ligue 1. Le FC Montreuil, second qualifi\u00e9 de R1, sera lui confront\u00e9 \u00e0 l\u2019Amiens SC (Ligue 2). Et si le FC Saint-Cyr Collonges, dernier de R1 en lice, se d\u00e9fait ce soir de l\u2019Olympique Lyonnais, il trouvera sur sa route une autre L1, le LOSC Lille.<\/p>\n<p>L\u2019<a href=\"https:\/\/www.fff.fr\/article\/15993-coup-de-tonnerre-d-avranches-sur-brest.html\" target=\"_blank\" rel=\"noopener\">US Avranches MSM (N2), qui a r\u00e9alis\u00e9 l\u2019un des exploits<\/a> des 32es en sortant le Stade Brestois (L1), devra de nouveau \u00e9carter une L1, le RC Strasbourg Alsace, si elle veut poursuivre sa route. Quant au <a href=\"https:\/\/www.fff.fr\/article\/14778-paris-sabre-le-champagne-3-0-.html\" target=\"_blank\" rel=\"noopener\">Paris Saint-Germain, tenant du troph\u00e9e<\/a>, il recevra le Paris FC pour un derby de la capitale entre formations de l\u2019\u00e9lite.<\/p>\n<p><strong>3<\/strong><\/p>\n<p>Oppositions entre \u00e9quipes de Ligue 1 (quatre si l\u2019OL se qualifie)<\/p>\n<p><strong>5<\/strong><\/p>\n<p>Divisions d&rsquo;\u00e9cart entre le Bayeux FC et l\u2019Olympique de Marseille<\/p>\n<p>\u00a0LES 16es DE FINALE\u00a0<\/p>\n<p style=\"text-align: left;\"><img decoding=\"async\" title=\"Archives  FFF\" src=\"https:\/\/www.europesays.com\/fr\/wp-content\/uploads\/2025\/12\/40fc3ed5af4c4658f6772400d5a9f47c.jpg\" alt=\"\"\/><\/p>\n<p><img decoding=\"async\" title=\"Archives  FFF\" src=\"https:\/\/www.europesays.com\/fr\/wp-content\/uploads\/2025\/12\/ad2e81364397b35032381389f65c55ab.jpg\" alt=\"\"\/><\/p>\n<p><a href=\"https:\/\/www.fff.fr\/article\/15983-tout-sur-les-32es-de-finale.html\" target=\"_blank\" rel=\"noopener\"><strong>Tout sur les 32es de finale<\/strong><\/a><a href=\"https:\/\/www.fff.fr\/473-palmares-de-la-coupe-de-france.html\" target=\"_blank\" rel=\"noopener\"><strong>Le palmar\u00e8s de la Coupe de France<\/strong><\/a>Le calendrier de l&rsquo;\u00e9dition 2025-2026<\/p>\n<ul>\n<li class=\"light\"><strong>16es de finale :<\/strong> 10 janvier 2026<\/li>\n<li class=\"light\"><strong>8es de finale :<\/strong> 4 f\u00e9vrier 2026<\/li>\n<li class=\"light\"><strong>Quarts de finale :<\/strong> 4 mars 2026<\/li>\n<li class=\"light\"><strong>Demi-finales :<\/strong> 22 avril 2026<\/li>\n<li class=\"light\"><strong>Finale :<\/strong> 23 mai 2026<\/li>\n<\/ul>\n","protected":false},"excerpt":{"rendered":"Le tirage au sort des 16es de finale a \u00e9t\u00e9 r\u00e9alis\u00e9 le dimanche 21 d\u00e9cembre sur beIN SPORTS,&hellip;\n","protected":false},"author":2,"featured_media":614470,"comment_status":"","ping_status":"","sticky":false,"template":"","format":"standard","meta":{"footnotes":""},"categories":[2814],"tags":[1111,11,1777,674,85,1011,27,884,12,882,25],"class_list":{"0":"post-614469","1":"post","2":"type-post","3":"status-publish","4":"format-standard","5":"has-post-thumbnail","7":"category-marseille","8":"tag-actu","9":"tag-actualites","10":"tag-eu","11":"tag-europe","12":"tag-fff","13":"tag-fr","14":"tag-france","15":"tag-marseille","16":"tag-news","17":"tag-provence-alpes-cote-dazur","18":"tag-republique-francaise"},"share_on_mastodon":{"url":"https:\/\/pubeurope.com\/@fr\/115759446285968635","error":""},"_links":{"self":[{"href":"https:\/\/www.europesays.com\/fr\/wp-json\/wp\/v2\/posts\/614469","targetHints":{"allow":["GET"]}}],"collection":[{"href":"https:\/\/www.europesays.com\/fr\/wp-json\/wp\/v2\/posts"}],"about":[{"href":"https:\/\/www.europesays.com\/fr\/wp-json\/wp\/v2\/types\/post"}],"author":[{"embeddable":true,"href":"https:\/\/www.europesays.com\/fr\/wp-json\/wp\/v2\/users\/2"}],"replies":[{"embeddable":true,"href":"https:\/\/www.europesays.com\/fr\/wp-json\/wp\/v2\/comments?post=614469"}],"version-history":[{"count":0,"href":"https:\/\/www.europesays.com\/fr\/wp-json\/wp\/v2\/posts\/614469\/revisions"}],"wp:featuredmedia":[{"embeddable":true,"href":"https:\/\/www.europesays.com\/fr\/wp-json\/wp\/v2\/media\/614470"}],"wp:attachment":[{"href":"https:\/\/www.europesays.com\/fr\/wp-json\/wp\/v2\/media?parent=614469"}],"wp:term":[{"taxonomy":"category","embeddable":true,"href":"https:\/\/www.europesays.com\/fr\/wp-json\/wp\/v2\/categories?post=614469"},{"taxonomy":"post_tag","embeddable":true,"href":"https:\/\/www.europesays.com\/fr\/wp-json\/wp\/v2\/tags?post=614469"}],"curies":[{"name":"wp","href":"https:\/\/api.w.org\/{rel}","templated":true}]}}