{"id":614471,"date":"2025-12-21T20:28:12","date_gmt":"2025-12-21T20:28:12","guid":{"rendered":"https:\/\/www.europesays.com\/fr\/614471\/"},"modified":"2025-12-21T20:28:12","modified_gmt":"2025-12-21T20:28:12","slug":"un-homme-atteint-aux-jambes-un-autre-blesse-par-une-balle-perdue","status":"publish","type":"post","link":"https:\/\/www.europesays.com\/fr\/614471\/","title":{"rendered":"un homme atteint aux jambes, un autre bless\u00e9 par une balle perdue"},"content":{"rendered":"<p>Des coups de feu ont retenti samedi vers 20\u00a0h\u00a015 devant le bureau de Poste de la place Grandcl\u00e9ment \u00e0 Villeurbanne. Selon nos informations, une violente altercation a eu lieu entre deux hommes. L\u2019un d\u2019eux a alors d\u00e9gain\u00e9 une arme, un pistolet \u00e0 petit calibre, et a fait feu dans les jambes du second.<\/p>\n<p>Ce dernier bless\u00e9 aux cuisses et mollets a \u00e9t\u00e9 pris en charge par les secours en urgence relative. \u00c2g\u00e9e de 32 ans et en situation irr\u00e9guli\u00e8re, il est connu des services de police. Il est sorti de l\u2019h\u00f4pital ce dimanche apr\u00e8s-midi et a \u00e9t\u00e9 entendu dans le cadre de l\u2019enqu\u00eate en cours confi\u00e9e \u00e0 la Division Est de la DIPN (Direction interd\u00e9partementale de la police nationale) du Rh\u00f4ne. On ignore encore les circonstances de cette affaire, elles ne seraient pas forc\u00e9ment li\u00e9es \u00e0 un trafic.<\/p>\n<p>  Un \u00e9tudiant, victime collat\u00e9rale<\/p>\n<p>Les tirs ont aussi fait une victime collat\u00e9rale. Un deuxi\u00e8me homme, \u00e2g\u00e9 de 22 ans, qui n\u2019avait aucun lien avec les deux protagonistes et rentrait chez lui, a re\u00e7u une balle perdue, au niveau du genou. Il a d\u00fb \u00eatre op\u00e9r\u00e9.<\/p>\n<p>\u00ab\u00a0Quelques personnes autour ont le r\u00e9flexe de sortir leur t\u00e9l\u00e9phone, non pas pour appeler les secours mais pour filmer la sc\u00e8ne\u00a0\u00bb, d\u00e9plore Christian Chevallier, le p\u00e8re de l\u2019\u00e9tudiant bless\u00e9. \u00ab\u00a0Mon fils a sorti son t\u00e9l\u00e9phone et a lui-m\u00eame appel\u00e9 les pompiers. Apr\u00e8s des commer\u00e7ants sont venus l\u2019aider, mais au d\u00e9part, c\u2019\u00e9tait un peu surr\u00e9aliste\u00a0\u00bb, a-t-il confi\u00e9 ce dimanche soir au Progr\u00e8s.<\/p>\n<p>Son fils ne pourra pas marcher pendant au moins trois mois, puis aura au moins six mois de kin\u00e9.<\/p>\n<p>  Le tireur en fuite<\/p>\n<p>Le tireur a de son c\u00f4t\u00e9 pris la fuite, a priori \u00e0 trottinette. Il est activement recherch\u00e9 par les forces de police. L\u2019exploitation de la vid\u00e9osurveillance de la commune, mais \u00e9galement des commerces situ\u00e9s \u00e0 proximit\u00e9, est en cours. Il y a un mois, le samedi 15\u00a0novembre, \u00e0 quelques m\u00e8tres de la place Grandcl\u00e9ment, rue de la Rize, un homme avait tir\u00e9 sur un autre. La victime, dont les jours n\u2019\u00e9taient pas en danger, \u00e2g\u00e9e de 20 ans, \u00e9tait aussi connue des services de police.<\/p>\n<p>Lundi 15\u00a0d\u00e9cembre, c\u2019est rue Charrial, \u00e0 Lyon 3e, qu\u2019un homme \u00e9galement connu des services de police a \u00e9t\u00e9 touch\u00e9 au mollet. L\u2019affaire pourrait \u00eatre un r\u00e8glement de comptes li\u00e9 \u00e0 une rixe.<\/p>\n<p>Le 10\u00a0octobre dernier, la pr\u00e9f\u00e8te du Rh\u00f4ne, <a href=\"https:\/\/www.leprogres.fr\/p\/fabienne-buccio\" target=\"_blank\" rel=\"noopener\">Fabienne Buccio<\/a>, s\u2019\u00e9tait f\u00e9licit\u00e9e de la fermeture des derniers points de deal du quartier du Tonkin \u00e0 Villeurbanne, gr\u00e2ce \u00e0 \u00ab\u00a0l\u2019excellent travail de la police\u00a0\u00bb, sans \u00ab\u00a0crier victoire\u00a0\u00bb, car \u00ab\u00a0tout cela est toujours fragile\u00a0\u00bb avait-elle dit alors. D\u00e9but d\u00e9cembre, dans nos colonnes, le maire villeurbannais <a href=\"https:\/\/www.leprogres.fr\/p\/cedric-van-styvendael\" target=\"_blank\" rel=\"noopener\">C\u00e9dric Van Styvendael<\/a> conc\u00e9dait que des actions restaient \u00e0 faire, notamment \u00e0 Grandcl\u00e9ment, \u00ab\u00a0o\u00f9 il reste des adresses sur lesquelles intervenir.\u00a0\u00bb<\/p>\n","protected":false},"excerpt":{"rendered":"Des coups de feu ont retenti samedi vers 20\u00a0h\u00a015 devant le bureau de Poste de la place Grandcl\u00e9ment&hellip;\n","protected":false},"author":2,"featured_media":614472,"comment_status":"","ping_status":"","sticky":false,"template":"","format":"standard","meta":{"footnotes":""},"categories":[1889],"tags":[1111,11,2430,271,272,2757,1777,674,274,107,1011,27,2428,12,25,2429,6345,6346],"class_list":{"0":"post-614471","1":"post","2":"type-post","3":"status-publish","4":"format-standard","5":"has-post-thumbnail","7":"category-lyon","8":"tag-actu","9":"tag-actualites","10":"tag-auvergne-rhone-alpes","11":"tag-crime","12":"tag-delit-et-contravention","13":"tag-edition-lyon-villeurbanne","14":"tag-eu","15":"tag-europe","16":"tag-faits-divers-justice","17":"tag-fil-info","18":"tag-fr","19":"tag-france","20":"tag-lyon","21":"tag-news","22":"tag-republique-francaise","23":"tag-rhone","24":"tag-villeurbanne","25":"tag-villeurbanne-bassin"},"share_on_mastodon":{"url":"https:\/\/pubeurope.com\/@fr\/115759448359107112","error":""},"_links":{"self":[{"href":"https:\/\/www.europesays.com\/fr\/wp-json\/wp\/v2\/posts\/614471","targetHints":{"allow":["GET"]}}],"collection":[{"href":"https:\/\/www.europesays.com\/fr\/wp-json\/wp\/v2\/posts"}],"about":[{"href":"https:\/\/www.europesays.com\/fr\/wp-json\/wp\/v2\/types\/post"}],"author":[{"embeddable":true,"href":"https:\/\/www.europesays.com\/fr\/wp-json\/wp\/v2\/users\/2"}],"replies":[{"embeddable":true,"href":"https:\/\/www.europesays.com\/fr\/wp-json\/wp\/v2\/comments?post=614471"}],"version-history":[{"count":0,"href":"https:\/\/www.europesays.com\/fr\/wp-json\/wp\/v2\/posts\/614471\/revisions"}],"wp:featuredmedia":[{"embeddable":true,"href":"https:\/\/www.europesays.com\/fr\/wp-json\/wp\/v2\/media\/614472"}],"wp:attachment":[{"href":"https:\/\/www.europesays.com\/fr\/wp-json\/wp\/v2\/media?parent=614471"}],"wp:term":[{"taxonomy":"category","embeddable":true,"href":"https:\/\/www.europesays.com\/fr\/wp-json\/wp\/v2\/categories?post=614471"},{"taxonomy":"post_tag","embeddable":true,"href":"https:\/\/www.europesays.com\/fr\/wp-json\/wp\/v2\/tags?post=614471"}],"curies":[{"name":"wp","href":"https:\/\/api.w.org\/{rel}","templated":true}]}}