{"id":614473,"date":"2025-12-21T20:29:14","date_gmt":"2025-12-21T20:29:14","guid":{"rendered":"https:\/\/www.europesays.com\/fr\/614473\/"},"modified":"2025-12-21T20:29:14","modified_gmt":"2025-12-21T20:29:14","slug":"en-direct-football-suivez-ol","status":"publish","type":"post","link":"https:\/\/www.europesays.com\/fr\/614473\/","title":{"rendered":"En direct Football. Suivez OL"},"content":{"rendered":"<p>&#13;<br \/>\n                                                    En direct&#13;<br \/>\n                        &#13;\n                                            <\/p>\n<p>L&rsquo;OL re\u00e7oit Saint-Cyr\/Collonges, \u00e9quipe de R\u00e9gional 1, ce dimanche au Groupama Stadium en 32e de finale de la Coupe de France. Devant pr\u00e8s de 24 000 spectateurs, ce \u00a0\u00bbderby\u00a0\u00bb entre deux \u00e9quipes affichant cinq divisions d&rsquo;\u00e9cart a des allures de f\u00eate \u00e0 trois jours de No\u00ebl. Suivez cette rencontre en direct comment\u00e9.<\/p>\n<p>&#13;<br \/>\n              Martin Beaud &#8211; &#13;<br \/>\n        &#13;<br \/>\n          Aujourd&rsquo;hui \u00e0 19:45&#13;<br \/>\n    &#13;<br \/>\n                  | mis \u00e0 jour aujourd&rsquo;hui \u00e0 21:27&#13;<br \/>\n              &#8211; Temps de lecture : &#13;<br \/>\n  &#13;<\/p>\n","protected":false},"excerpt":{"rendered":"&#13; En direct&#13; &#13; L&rsquo;OL re\u00e7oit Saint-Cyr\/Collonges, \u00e9quipe de R\u00e9gional 1, ce dimanche au Groupama Stadium en 32e&hellip;\n","protected":false},"author":2,"featured_media":614474,"comment_status":"","ping_status":"","sticky":false,"template":"","format":"standard","meta":{"footnotes":""},"categories":[1889],"tags":[1111,11,2430,28037,15922,3545,2757,3153,1777,674,107,63,1011,27,2428,12,2755,25,2429,20043,517],"class_list":{"0":"post-614473","1":"post","2":"type-post","3":"status-publish","4":"format-standard","5":"has-post-thumbnail","7":"category-lyon","8":"tag-actu","9":"tag-actualites","10":"tag-auvergne-rhone-alpes","11":"tag-collonges-au-mont-dor","12":"tag-coupe-de-france-de-football","13":"tag-direct-sport","14":"tag-edition-lyon-villeurbanne","15":"tag-edition-ouest-lyonnais","16":"tag-eu","17":"tag-europe","18":"tag-fil-info","19":"tag-football","20":"tag-fr","21":"tag-france","22":"tag-lyon","23":"tag-news","24":"tag-ol-olympique-lyonnais-football","25":"tag-republique-francaise","26":"tag-rhone","27":"tag-saint-cyr-au-mont-dor","28":"tag-sport"},"share_on_mastodon":{"url":"https:\/\/pubeurope.com\/@fr\/115759452235288158","error":""},"_links":{"self":[{"href":"https:\/\/www.europesays.com\/fr\/wp-json\/wp\/v2\/posts\/614473","targetHints":{"allow":["GET"]}}],"collection":[{"href":"https:\/\/www.europesays.com\/fr\/wp-json\/wp\/v2\/posts"}],"about":[{"href":"https:\/\/www.europesays.com\/fr\/wp-json\/wp\/v2\/types\/post"}],"author":[{"embeddable":true,"href":"https:\/\/www.europesays.com\/fr\/wp-json\/wp\/v2\/users\/2"}],"replies":[{"embeddable":true,"href":"https:\/\/www.europesays.com\/fr\/wp-json\/wp\/v2\/comments?post=614473"}],"version-history":[{"count":0,"href":"https:\/\/www.europesays.com\/fr\/wp-json\/wp\/v2\/posts\/614473\/revisions"}],"wp:featuredmedia":[{"embeddable":true,"href":"https:\/\/www.europesays.com\/fr\/wp-json\/wp\/v2\/media\/614474"}],"wp:attachment":[{"href":"https:\/\/www.europesays.com\/fr\/wp-json\/wp\/v2\/media?parent=614473"}],"wp:term":[{"taxonomy":"category","embeddable":true,"href":"https:\/\/www.europesays.com\/fr\/wp-json\/wp\/v2\/categories?post=614473"},{"taxonomy":"post_tag","embeddable":true,"href":"https:\/\/www.europesays.com\/fr\/wp-json\/wp\/v2\/tags?post=614473"}],"curies":[{"name":"wp","href":"https:\/\/api.w.org\/{rel}","templated":true}]}}