{"id":614485,"date":"2025-12-21T20:37:14","date_gmt":"2025-12-21T20:37:14","guid":{"rendered":"https:\/\/www.europesays.com\/fr\/614485\/"},"modified":"2025-12-21T20:37:14","modified_gmt":"2025-12-21T20:37:14","slug":"la-question-dun-echange-direct-entre-vladimir-poutine-et-emmanuel-macron-refait-surface","status":"publish","type":"post","link":"https:\/\/www.europesays.com\/fr\/614485\/","title":{"rendered":"La question d&rsquo;un \u00e9change direct entre Vladimir Poutine et Emmanuel Macron refait surface"},"content":{"rendered":"<p>La question d&rsquo;un \u00e9change direct entre Vladimir Poutine et Emmanuel Macron refait surfaceSur le m\u00eame sujet<a href=\"https:\/\/www.bfmtv.com\/politique\/video-vladimir-poutine-emmanuel-macron-l-objectif-c-est-de-trouver-une-voie-diplomatique-pour-mettre-fin-a-la-guerre-en-ukraine-declare-benjamin-haddad-ministre-delegue-charge-de-l-europe_VN-202512210336.html\" title=\"Vladimir Poutine-Emmanuel Macron: &quot;L&#039;objectif, c&#039;est de trouver une voie diplomatique pour mettre fin \u00e0 la guerre en Ukraine&quot;, d\u00e9clare Benjamin Haddad, ministre d\u00e9l\u00e9gu\u00e9 charg\u00e9 de l&#039;Europe\" target=\"_blank\" rel=\"noopener\"><img width=\"16\" height=\"9\" class=\"lozad\"  alt=\"Vladimir Poutine-Emmanuel Macron: &quot;L'objectif, c'est de trouver une voie diplomatique pour mettre fin \u00e0 la guerre en Ukraine&quot;, d\u00e9clare Benjamin Haddad, ministre d\u00e9l\u00e9gu\u00e9 charg\u00e9 de l'Europe\"\/>2:02Vladimir Poutine-Emmanuel Macron: \u00ab\u00a0L&rsquo;objectif, c&rsquo;est de trouver une voie diplomatique pour mettre fin \u00e0 la guerre en Ukraine\u00a0\u00bb, d\u00e9clare Benjamin Haddad, ministre d\u00e9l\u00e9gu\u00e9 charg\u00e9 de l&rsquo;Europe<\/a><a href=\"https:\/\/www.bfmtv.com\/international\/asie\/russie\/video-la-question-d-un-echange-direct-entre-vladimir-poutine-et-emmanuel-macron-refait-surface_VN-202512210327.html\" title=\"La question d&#039;un \u00e9change direct entre Vladimir Poutine et Emmanuel Macron refait surface\" target=\"_blank\" rel=\"noopener\"><img width=\"16\" height=\"9\" class=\"lozad\"  alt=\"La question d'un \u00e9change direct entre Vladimir Poutine et Emmanuel Macron refait surface\"\/>en lectureLa question d&rsquo;un \u00e9change direct entre Vladimir Poutine et Emmanuel Macron refait surface<\/a><a href=\"https:\/\/www.bfmtv.com\/international\/asie\/russie\/video-paix-en-ukraine-vladimir-poutine-declare-etre-pret-au-dialogue-avec-emmanuel-macron_VN-202512210291.html\" title=\"Paix en Ukraine: Vladimir Poutine d\u00e9clare &quot;\u00eatre pr\u00eat au dialogue&quot; avec Emmanuel Macron\" target=\"_blank\" rel=\"noopener\"><img width=\"16\" height=\"9\" class=\"lozad\"  alt=\"Paix en Ukraine: Vladimir Poutine d\u00e9clare &quot;\u00eatre pr\u00eat au dialogue&quot; avec Emmanuel Macron\"\/>1:39Paix en Ukraine: Vladimir Poutine d\u00e9clare \u00ab\u00a0\u00eatre pr\u00eat au dialogue\u00a0\u00bb avec Emmanuel Macron<\/a><a href=\"https:\/\/www.bfmtv.com\/international\/asie\/russie\/video-une-frappe-de-missile-russe-fait-huit-morts-et-plusieurs-blesses-dans-la-region-d-odessa-en-ukraine_VN-202512200258.html\" title=\"Une frappe de missile russe fait huit morts et plusieurs bless\u00e9s dans la r\u00e9gion d&#039;Odessa en Ukraine\" target=\"_blank\" rel=\"noopener\"><img width=\"16\" height=\"9\" class=\"lozad\"  alt=\"Une frappe de missile russe fait huit morts et plusieurs bless\u00e9s dans la r\u00e9gion d'Odessa en Ukraine\"\/>2:08Une frappe de missile russe fait huit morts et plusieurs bless\u00e9s dans la r\u00e9gion d&rsquo;Odessa en Ukraine<\/a><a href=\"https:\/\/www.bfmtv.com\/international\/asie\/russie\/video-affaire-laurent-vinatier-vladimir-poutine-assure-ne-rien-savoir-ses-parents-s-expriment_VN-202512200052.html\" title=\"Affaire Laurent Vinatier: Vladimir Poutine assure &quot;ne rien savoir&quot;, ses parents s&#039;expriment \" target=\"_blank\" rel=\"noopener\"><img width=\"16\" height=\"9\" class=\"lozad\"  alt=\"Affaire Laurent Vinatier: Vladimir Poutine assure &quot;ne rien savoir&quot;, ses parents s'expriment \"\/>0:53Affaire Laurent Vinatier: Vladimir Poutine assure \u00ab\u00a0ne rien savoir\u00a0\u00bb, ses parents s&rsquo;expriment<\/a><a href=\"https:\/\/www.bfmtv.com\/international\/asie\/russie\/video-notre-fils-va-bien-affirme-brigitte-vinatier-mere-de-laurent-vinatier-detenu-en-russie-depuis-juin-2024_VN-202512190964.html\" title=\"&quot;Notre fils va bien&quot;, affirme Brigitte Vinatier, m\u00e8re de Laurent Vinatier d\u00e9tenu en Russie depuis juin 2024\" target=\"_blank\" rel=\"noopener\"><img width=\"16\" height=\"9\" class=\"lozad\"  alt=\"&quot;Notre fils va bien&quot;, affirme Brigitte Vinatier, m\u00e8re de Laurent Vinatier d\u00e9tenu en Russie depuis juin 2024\"\/>1:19&Prime;Notre fils va bien\u00a0\u00bb, affirme Brigitte Vinatier, m\u00e8re de Laurent Vinatier d\u00e9tenu en Russie depuis juin 2024<\/a><a href=\"https:\/\/www.bfmtv.com\/replay-emissions\/bfm-grand-soir\/video-francais-detenu-en-russie-poutine-va-se-renseigner-19-12_VN-202512190963.html\" title=\"Fran\u00e7ais d\u00e9tenu en Russie : Poutine va &quot;se renseigner.&quot; - 19\/12\" target=\"_blank\" rel=\"noopener\"><img width=\"16\" height=\"9\" class=\"lozad\"  alt=\"Fran\u00e7ais d\u00e9tenu en Russie : Poutine va &quot;se renseigner.&quot; - 19\/12\"\/>17:42Fran\u00e7ais d\u00e9tenu en Russie : Poutine va \u00ab\u00a0se renseigner.\u00a0\u00bb &#8211; 19\/12<\/a><a href=\"https:\/\/www.bfmtv.com\/replay-emissions\/bfm-grand-soir\/video-4h30-de-conference-500-journalistes-le-show-poutine-19-12_VN-202512190957.html\" title=\"4h30 de conf\u00e9rence, 500 journalistes... le show Poutine - 19\/12\" target=\"_blank\" rel=\"noopener\"><img width=\"16\" height=\"9\" class=\"lozad\"  alt=\"4h30 de conf\u00e9rence, 500 journalistes... le show Poutine - 19\/12\"\/>18:384h30 de conf\u00e9rence, 500 journalistes&#8230; le show Poutine &#8211; 19\/12<\/a><a href=\"https:\/\/www.bfmtv.com\/international\/asie\/russie\/video-notre-fils-va-bien-affirme-brigitte-vinatier-mere-de-laurent-vinatier-detenu-en-russie-depuis-juin-2024_VN-202512190956.html\" title=\"&quot;Notre fils va bien&quot;, affirme Brigitte Vinatier, m\u00e8re de Laurent Vinatier d\u00e9tenu en Russie depuis juin 2024\" target=\"_blank\" rel=\"noopener\"><img width=\"16\" height=\"9\" class=\"lozad\"  alt=\"&quot;Notre fils va bien&quot;, affirme Brigitte Vinatier, m\u00e8re de Laurent Vinatier d\u00e9tenu en Russie depuis juin 2024\"\/>4:54&Prime;Notre fils va bien\u00a0\u00bb, affirme Brigitte Vinatier, m\u00e8re de Laurent Vinatier d\u00e9tenu en Russie depuis juin 2024<\/a><a href=\"https:\/\/www.bfmtv.com\/international\/asie\/russie\/video-c-est-la-premiere-fois-que-j-en-entends-parler-vladimir-poutine-est-interroge-sur-le-sort-du-chercheur-francais-laurent-vinatier-incarcere-en-russie_VN-202512190611.html\" title=\"&quot;C&#039;est la premi\u00e8re fois que j&#039;en entends parler&quot;: Vladimir Poutine est interrog\u00e9 sur le sort du chercheur fran\u00e7ais Laurent Vinatier incarc\u00e9r\u00e9 en Russie\" target=\"_blank\" rel=\"noopener\"><img width=\"16\" height=\"9\" class=\"lozad\"  alt=\"&quot;C'est la premi\u00e8re fois que j'en entends parler&quot;: Vladimir Poutine est interrog\u00e9 sur le sort du chercheur fran\u00e7ais Laurent Vinatier incarc\u00e9r\u00e9 en Russie\"\/>0:36&Prime;C&rsquo;est la premi\u00e8re fois que j&rsquo;en entends parler\u00a0\u00bb: Vladimir Poutine est interrog\u00e9 sur le sort du chercheur fran\u00e7ais Laurent Vinatier incarc\u00e9r\u00e9 en Russie<\/a><a href=\"https:\/\/www.bfmtv.com\/international\/asie\/russie\/video-vladimir-poutine-il-n-y-aura-pas-de-nouvelle-operation-speciale-si-vous-nous-respectez_VN-202512190591.html\" title=\"Vladimir Poutine : &quot;Il n&#039;y aura pas&quot; de nouvelle op\u00e9ration sp\u00e9ciale &quot;si vous nous respectez&quot;\" target=\"_blank\" rel=\"noopener\"><img width=\"16\" height=\"9\" class=\"lozad\"  alt=\"Vladimir Poutine : &quot;Il n'y aura pas&quot; de nouvelle op\u00e9ration sp\u00e9ciale &quot;si vous nous respectez&quot;\"\/>2:12Vladimir Poutine : \u00ab\u00a0Il n&rsquo;y aura pas\u00a0\u00bb de nouvelle op\u00e9ration sp\u00e9ciale \u00ab\u00a0si vous nous respectez\u00a0\u00bb<\/a><a href=\"https:\/\/www.bfmtv.com\/international\/asie\/russie\/video-guerre-en-ukraine-les-210-milliards-d-euros-d-avoirs-russes-geles-en-europe-seront-bloques-jusqu-a-la-fin-de-la-guerre-selon-une-decision-du-conseil-europeen_VN-202512190543.html\" title=\"Guerre en Ukraine: les 210 milliards d&#039;euros d&#039;avoirs russes gel\u00e9s en Europe seront bloqu\u00e9s jusqu&#039;\u00e0 la fin de la guerre, selon une d\u00e9cision du Conseil europ\u00e9en\" target=\"_blank\" rel=\"noopener\"><img width=\"16\" height=\"9\" class=\"lozad\"  alt=\"Guerre en Ukraine: les 210 milliards d'euros d'avoirs russes gel\u00e9s en Europe seront bloqu\u00e9s jusqu'\u00e0 la fin de la guerre, selon une d\u00e9cision du Conseil europ\u00e9en\"\/>1:58Guerre en Ukraine: les 210 milliards d&rsquo;euros d&rsquo;avoirs russes gel\u00e9s en Europe seront bloqu\u00e9s jusqu&rsquo;\u00e0 la fin de la guerre, selon une d\u00e9cision du Conseil europ\u00e9en<\/a><a href=\"https:\/\/www.bfmtv.com\/international\/asie\/russie\/video-du-pillage-vladimir-poutine-met-en-garde-contre-de-lourdes-consequences-en-cas-de-recours-aux-avoirs-russes-pour-financer-l-ukraine_VN-202512190484.html\" title=\"&quot;Du pillage&quot;: Vladimir Poutine met en garde contre de &quot;lourdes cons\u00e9quences&quot; en cas de recours aux avoirs russes pour financer l&#039;Ukraine\" target=\"_blank\" rel=\"noopener\"><img width=\"16\" height=\"9\" class=\"lozad\"  alt=\"&quot;Du pillage&quot;: Vladimir Poutine met en garde contre de &quot;lourdes cons\u00e9quences&quot; en cas de recours aux avoirs russes pour financer l'Ukraine\"\/>2:31&Prime;Du pillage\u00a0\u00bb: Vladimir Poutine met en garde contre de \u00ab\u00a0lourdes cons\u00e9quences\u00a0\u00bb en cas de recours aux avoirs russes pour financer l&rsquo;Ukraine<\/a><a href=\"https:\/\/www.bfmtv.com\/international\/asie\/russie\/video-signe-bfm-les-pays-europeens-prets-a-utiliser-les-avoirs-russes-geles-en-europe-pour-financer-l-ukraine_VN-202512180233.html\" title=\"Sign\u00e9 BFM - Les pays europ\u00e9ens pr\u00eats \u00e0 utiliser les avoirs russes gel\u00e9s en Europe pour financer l&#039;Ukraine?\" target=\"_blank\" rel=\"noopener\"><img width=\"16\" height=\"9\" class=\"lozad\"  alt=\"Sign\u00e9 BFM - Les pays europ\u00e9ens pr\u00eats \u00e0 utiliser les avoirs russes gel\u00e9s en Europe pour financer l'Ukraine?\"\/>2:49Sign\u00e9 BFM &#8211; Les pays europ\u00e9ens pr\u00eats \u00e0 utiliser les avoirs russes gel\u00e9s en Europe pour financer l&rsquo;Ukraine?<\/a><a class=\"jumpToVideo\" target=\"_blank\"><img class=\"thumbnailPreview\"\/><\/a><\/p>\n","protected":false},"excerpt":{"rendered":"La question d&rsquo;un \u00e9change direct entre Vladimir Poutine et Emmanuel Macron refait surfaceSur le m\u00eame sujet2:02Vladimir Poutine-Emmanuel Macron:&hellip;\n","protected":false},"author":2,"featured_media":614486,"comment_status":"","ping_status":"","sticky":false,"template":"","format":"standard","meta":{"footnotes":""},"categories":[1591],"tags":[11,1887,12,1885,1886,132],"class_list":{"0":"post-614485","1":"post","2":"type-post","3":"status-publish","4":"format-standard","5":"has-post-thumbnail","7":"category-russie","8":"tag-actualites","9":"tag-federation-de-russie","10":"tag-news","11":"tag-russia","12":"tag-russian-federation","13":"tag-russie"},"share_on_mastodon":{"url":"https:\/\/pubeurope.com\/@fr\/115759483962625574","error":""},"_links":{"self":[{"href":"https:\/\/www.europesays.com\/fr\/wp-json\/wp\/v2\/posts\/614485","targetHints":{"allow":["GET"]}}],"collection":[{"href":"https:\/\/www.europesays.com\/fr\/wp-json\/wp\/v2\/posts"}],"about":[{"href":"https:\/\/www.europesays.com\/fr\/wp-json\/wp\/v2\/types\/post"}],"author":[{"embeddable":true,"href":"https:\/\/www.europesays.com\/fr\/wp-json\/wp\/v2\/users\/2"}],"replies":[{"embeddable":true,"href":"https:\/\/www.europesays.com\/fr\/wp-json\/wp\/v2\/comments?post=614485"}],"version-history":[{"count":0,"href":"https:\/\/www.europesays.com\/fr\/wp-json\/wp\/v2\/posts\/614485\/revisions"}],"wp:featuredmedia":[{"embeddable":true,"href":"https:\/\/www.europesays.com\/fr\/wp-json\/wp\/v2\/media\/614486"}],"wp:attachment":[{"href":"https:\/\/www.europesays.com\/fr\/wp-json\/wp\/v2\/media?parent=614485"}],"wp:term":[{"taxonomy":"category","embeddable":true,"href":"https:\/\/www.europesays.com\/fr\/wp-json\/wp\/v2\/categories?post=614485"},{"taxonomy":"post_tag","embeddable":true,"href":"https:\/\/www.europesays.com\/fr\/wp-json\/wp\/v2\/tags?post=614485"}],"curies":[{"name":"wp","href":"https:\/\/api.w.org\/{rel}","templated":true}]}}