{"id":614505,"date":"2025-12-21T20:49:12","date_gmt":"2025-12-21T20:49:12","guid":{"rendered":"https:\/\/www.europesays.com\/fr\/614505\/"},"modified":"2025-12-21T20:49:12","modified_gmt":"2025-12-21T20:49:12","slug":"en-marmara-spikeligue-tours-met-fin-a-la-serie-de-sete-et-rejoint-tourcoing-au-classement-lequipe","status":"publish","type":"post","link":"https:\/\/www.europesays.com\/fr\/614505\/","title":{"rendered":"En Marmara SpikeLigue, Tours met fin \u00e0 la s\u00e9rie de S\u00e8te et rejoint Tourcoing au classement &#8211; L&#039;\u00c9quipe"},"content":{"rendered":"<ol>\n<li><a href=\"https:\/\/news.google.com\/rss\/articles\/CBMirAFBVV95cUxPQTJHYUxBTTJZY1cwVUZnMVVYaGh4aEdZc2N0UWVzOVRSOHlDYkpGWTNqRktsYWQ3WWNmaFdiWTByVE85aEpfWWdOdU9IeHVFSjB0amlVX01iWlhROXAySlJ4alRWREpqeG9WM090UGYxbTJtX0thV2xXbG9XQkxHd1Y2SlllUzgzU1dKcXM2amNlZVlJay1FVmdjVlhYTUhvaVVhRkRXWE5FRDVi?oc=5\" target=\"_blank\" rel=\"noopener\">En Marmara SpikeLigue, Tours met fin \u00e0 la s\u00e9rie de S\u00e8te et rejoint Tourcoing au classement<\/a>&nbsp;&nbsp;L&rsquo;\u00c9quipe<\/li>\n<li><a href=\"https:\/\/news.google.com\/rss\/articles\/CBMingFBVV95cUxQbHEwTVh6aURoSmtwNHZ2NFB0MTdvNHJYQnh3aHVMc285WGJFRmZoUlZSSnJtZmFBYzNLR0JCdi16cUNNbGpCMGM4NGtRSWRFUFJHSVdWSHpySXFtME8zc1Fnck52TDhlcmd5eGh2Y3V5WEtsNmxCUGFIS0x0ZF9xZ0FZaWJ4eWRSRU16MXp6MkZWN09Yak9SUWdCZG5sZw?oc=5\" target=\"_blank\" rel=\"noopener\">MSL : m\u00eame sans Coric, le Tours VB gagne \u00e0 S\u00e8te<\/a>&nbsp;&nbsp;lanouvellerepublique.fr<\/li>\n<li><a href=\"https:\/\/news.google.com\/rss\/articles\/CBMinAFBVV95cUxOd0NGOV9maWtZSTFXclBpWnptcUhjQThOdEllZmdjZkxxWENFOGhuWUExQ2tQcnM5ZWxBd0VCUEFqTjdYZVU3WDZuelAtYkxZTGJURmlWU2ZLQU9lS2pQaVJUWEI1Z0k3czQtV3A4clZhWTJGN2U5T3VMQm00WDFuS05BT2ZwRmRFY1hIV2pkbHZKZm9neWZkbkRkclA?oc=5\" target=\"_blank\" rel=\"noopener\">Volley-ball : l\u2019Arago de S\u00e8te surclass\u00e9 \u00e0 domicile<\/a>&nbsp;&nbsp;Midi Libre<\/li>\n<li><a href=\"https:\/\/news.google.com\/rss\/articles\/CBMitgFBVV95cUxPWGY3OTVWdHd6XzlMWEVsR05EblhhZFlrMzBLMXVhbVFZaWdUandKZ1NzSWRReDVQZlJmUlJhZGRBbFlqVldoNHBfU1g0NXQwWW1Da0ZPcmJnQ2hNTHhzX051d0NvalFtaEZQVlhTcDZhQVJXd2I4d2s3aGo4N19LeEFQOUxyUl9jQm83elJId3VOOUlBNTJtOE5ocy1sWEY1YXBod1VkVU5CbEc3cl9LeUFMcTAzdw?oc=5\" target=\"_blank\" rel=\"noopener\">MSL : le TMB domine S\u00e8te sans Coric et rejoint Tourcoing en t\u00eate<\/a>&nbsp;&nbsp;lanouvellerepublique.fr<\/li>\n<li><a href=\"https:\/\/news.google.com\/rss\/articles\/CBMipwFBVV95cUxNQXFtT0JybTZ0QWlyNUpzeDRwNGk0dmE0VUJ4bGdRS3c3SmJ3Smo0WElqVnJMVGd6cUJsUFZWbEU1dXdoLTdYUlBxcUVHaVdCME1XcWRXNUNkYVFVQjZ2NzJtQjk5MlRZSnpOa3MyNDlWUlowTloweXlMdmpIVG5RZWp5SDlKZThtZC13LWVKbVFIMWIwOXVub0dsUW9GcVdLeExGcWNsbw?oc=5\" target=\"_blank\" rel=\"noopener\">MSL : le Tours VB avance \u00ab pas \u00e0 pas \u00bb, le prochain \u00e0 S\u00e8te<\/a>&nbsp;&nbsp;lanouvellerepublique.fr<\/li>\n<\/ol>\n","protected":false},"excerpt":{"rendered":"En Marmara SpikeLigue, Tours met fin \u00e0 la s\u00e9rie de S\u00e8te et rejoint Tourcoing au classement&nbsp;&nbsp;L&rsquo;\u00c9quipe MSL :&hellip;\n","protected":false},"author":2,"featured_media":614506,"comment_status":"","ping_status":"","sticky":false,"template":"","format":"standard","meta":{"footnotes":""},"categories":[1417],"tags":[1011,27,60,1470,1469],"class_list":{"0":"post-614505","1":"post","2":"type-post","3":"status-publish","4":"format-standard","5":"has-post-thumbnail","7":"category-volley","8":"tag-fr","9":"tag-france","10":"tag-sports","11":"tag-volley","12":"tag-volleyball"},"share_on_mastodon":{"url":"https:\/\/pubeurope.com\/@fr\/115759532708886121","error":""},"_links":{"self":[{"href":"https:\/\/www.europesays.com\/fr\/wp-json\/wp\/v2\/posts\/614505","targetHints":{"allow":["GET"]}}],"collection":[{"href":"https:\/\/www.europesays.com\/fr\/wp-json\/wp\/v2\/posts"}],"about":[{"href":"https:\/\/www.europesays.com\/fr\/wp-json\/wp\/v2\/types\/post"}],"author":[{"embeddable":true,"href":"https:\/\/www.europesays.com\/fr\/wp-json\/wp\/v2\/users\/2"}],"replies":[{"embeddable":true,"href":"https:\/\/www.europesays.com\/fr\/wp-json\/wp\/v2\/comments?post=614505"}],"version-history":[{"count":0,"href":"https:\/\/www.europesays.com\/fr\/wp-json\/wp\/v2\/posts\/614505\/revisions"}],"wp:featuredmedia":[{"embeddable":true,"href":"https:\/\/www.europesays.com\/fr\/wp-json\/wp\/v2\/media\/614506"}],"wp:attachment":[{"href":"https:\/\/www.europesays.com\/fr\/wp-json\/wp\/v2\/media?parent=614505"}],"wp:term":[{"taxonomy":"category","embeddable":true,"href":"https:\/\/www.europesays.com\/fr\/wp-json\/wp\/v2\/categories?post=614505"},{"taxonomy":"post_tag","embeddable":true,"href":"https:\/\/www.europesays.com\/fr\/wp-json\/wp\/v2\/tags?post=614505"}],"curies":[{"name":"wp","href":"https:\/\/api.w.org\/{rel}","templated":true}]}}