{"id":614510,"date":"2025-12-21T20:55:13","date_gmt":"2025-12-21T20:55:13","guid":{"rendered":"https:\/\/www.europesays.com\/fr\/614510\/"},"modified":"2025-12-21T20:55:13","modified_gmt":"2025-12-21T20:55:13","slug":"maelle-grossetete-ne-reviendra-pas-actualite","status":"publish","type":"post","link":"https:\/\/www.europesays.com\/fr\/614510\/","title":{"rendered":"Ma\u00eblle Grosset\u00eate ne reviendra pas &#8211; Actualit\u00e9"},"content":{"rendered":"<p style=\"text-align: justify;\"><strong><strong><a href=\"https:\/\/www.directvelo.com\/coureur\/12359\/maelle-grossetete\" target=\"_blank\" rel=\"noopener\">Ma\u00eblle Grosset\u00eate<\/a><\/strong> n\u2019apparaitra plus dans les pelotons. La Haut-Savoyarde, qui arrive au bout de ses deux ann\u00e9es de contrat avec Human Powered Health, annonce qu&rsquo;elle ne va pas prolonger l\u2019aventure. L\u2019athl\u00e8te de 27 ans s\u2019est d\u2019ailleurs d\u2019ores-et-d\u00e9j\u00e0 \u00e9loign\u00e9e des pelotons depuis plusieurs mois puisque la derni\u00e8re comp\u00e9tition \u00e0 laquelle elle a particip\u00e9 \u00e9tait le SIMAC Circuit des Kempen, aux Pays-Bas, le 17 mai dernier. Elle ne compte que sept jours de comp\u00e9tition en 2025.\u00a0<br \/><\/strong><\/p>\n<p style=\"text-align: justify;\">Ma\u00eblle Grosset\u00eate \u00e9tait pass\u00e9e pro en 2018 au sein de la FDJ, formation avec laquelle elle aura \u00e9volu\u00e9 durant six ann\u00e9es. Elle compte comme meilleur r\u00e9sultat en carri\u00e8re une 2e place d\u2019\u00e9tape sur le SIMAC Tour (2021), apr\u00e8s s\u2019\u00eatre \u00e9galement class\u00e9e 2e du Tour de Belle-Isle-en-Terre (2018), 4e et 5e du Grand Prix d\u2019Isbergues (2023 et 2019) ou encore 6e d\u2019A travers les-Hauts-de-France (2022). Pour rappel, Ma\u00eblle Grosset\u00eate a \u00e9galement longtemps \u00e9t\u00e9 sp\u00e9cialiste de cyclo-cross.<br \/>\u00a0 \u00a0\u00a0\u00a0<\/p>\n","protected":false},"excerpt":{"rendered":"Ma\u00eblle Grosset\u00eate n\u2019apparaitra plus dans les pelotons. La Haut-Savoyarde, qui arrive au bout de ses deux ann\u00e9es de&hellip;\n","protected":false},"author":2,"featured_media":614511,"comment_status":"","ping_status":"","sticky":false,"template":"","format":"standard","meta":{"footnotes":""},"categories":[1411],"tags":[834,828,836,829,837,827,83,826,824,823,1154,207,814,817,815,816,822,821,832,211,839,1011,27,820,818,819,835,831,830,833,838,60,212,208,825],"class_list":{"0":"post-614510","1":"post","2":"type-post","3":"status-publish","4":"format-standard","5":"has-post-thumbnail","7":"category-cyclisme","8":"tag-attaque","9":"tag-belgique","10":"tag-braquet","11":"tag-bretagne","12":"tag-chute","13":"tag-competition","14":"tag-coupe-de-france","15":"tag-coureur","16":"tag-course-cyclisme","17":"tag-course-cycliste","18":"tag-cycling","19":"tag-cyclisme","20":"tag-direct","21":"tag-direct-velo","22":"tag-directvelo","23":"tag-directvelo-com","24":"tag-epreuve","25":"tag-epreuve-cycliste","26":"tag-federation-francaise-de-cyclisme","27":"tag-ffc","28":"tag-flandres","29":"tag-fr","30":"tag-france","31":"tag-live","32":"tag-live-course","33":"tag-live-epreuve","34":"tag-peloton","35":"tag-radio-peloton","36":"tag-radio-tour","37":"tag-ravitaillement","38":"tag-relance","39":"tag-sports","40":"tag-uci","41":"tag-velo","42":"tag-velos"},"share_on_mastodon":{"url":"https:\/\/pubeurope.com\/@fr\/115759554584180850","error":""},"_links":{"self":[{"href":"https:\/\/www.europesays.com\/fr\/wp-json\/wp\/v2\/posts\/614510","targetHints":{"allow":["GET"]}}],"collection":[{"href":"https:\/\/www.europesays.com\/fr\/wp-json\/wp\/v2\/posts"}],"about":[{"href":"https:\/\/www.europesays.com\/fr\/wp-json\/wp\/v2\/types\/post"}],"author":[{"embeddable":true,"href":"https:\/\/www.europesays.com\/fr\/wp-json\/wp\/v2\/users\/2"}],"replies":[{"embeddable":true,"href":"https:\/\/www.europesays.com\/fr\/wp-json\/wp\/v2\/comments?post=614510"}],"version-history":[{"count":0,"href":"https:\/\/www.europesays.com\/fr\/wp-json\/wp\/v2\/posts\/614510\/revisions"}],"wp:featuredmedia":[{"embeddable":true,"href":"https:\/\/www.europesays.com\/fr\/wp-json\/wp\/v2\/media\/614511"}],"wp:attachment":[{"href":"https:\/\/www.europesays.com\/fr\/wp-json\/wp\/v2\/media?parent=614510"}],"wp:term":[{"taxonomy":"category","embeddable":true,"href":"https:\/\/www.europesays.com\/fr\/wp-json\/wp\/v2\/categories?post=614510"},{"taxonomy":"post_tag","embeddable":true,"href":"https:\/\/www.europesays.com\/fr\/wp-json\/wp\/v2\/tags?post=614510"}],"curies":[{"name":"wp","href":"https:\/\/api.w.org\/{rel}","templated":true}]}}