{"id":614515,"date":"2025-12-21T20:58:15","date_gmt":"2025-12-21T20:58:15","guid":{"rendered":"https:\/\/www.europesays.com\/fr\/614515\/"},"modified":"2025-12-21T20:58:15","modified_gmt":"2025-12-21T20:58:15","slug":"obsede-par-la-mort-et-la-souffrance-le-peintre-autrichien-arnulf-rainer-sen-est-alle","status":"publish","type":"post","link":"https:\/\/www.europesays.com\/fr\/614515\/","title":{"rendered":"Obs\u00e9d\u00e9 par la mort et la souffrance, le peintre autrichien Arnulf Rainer s\u2019en est all\u00e9"},"content":{"rendered":"<p>En Autriche, c\u2019\u00e9tait une ic\u00f4ne, un \u00abtr\u00e9sor vivant\u00bb. On le consid\u00e9rait comme l\u2019un des plus importants artistes internationaux du temps pr\u00e9sent. \u00abJ\u2019ai \u00e9t\u00e9 frapp\u00e9 par la grande d\u00e9f\u00e9rence que les Viennois lui t\u00e9moignaient, note le galeriste Christian Berst, tr\u00e8s impressionn\u00e9 \u00e9galement par sa capacit\u00e9 \u00e0 se rendre imp\u00e9n\u00e9trable et inapprochable.\u00bb<\/p>\n<p>En bon saturnien, introverti, \u00e9nigmatique et peu expansif, Arnulf Rainer \u00e9tait pass\u00e9 ma\u00eetre dans l\u2019art de tenir les intrus \u00e0 distance. Rebelle, Arnulf Rainer s\u2019est construit en marge du monde de l\u2019art, en s\u2019opposant. Il est d\u00e9c\u00e9d\u00e9 jeudi dernier, \u00e0 l\u2019\u00e2ge de 96\u00a0ans, \u00e0 annonc\u00e9 ce dimanche la a annonc\u00e9 la galerie Thaddaeus Ropac, \u00e0 Salzbourg.<\/p>\n","protected":false},"excerpt":{"rendered":"En Autriche, c\u2019\u00e9tait une ic\u00f4ne, un \u00abtr\u00e9sor vivant\u00bb. On le consid\u00e9rait comme l\u2019un des plus importants artistes internationaux&hellip;\n","protected":false},"author":2,"featured_media":614516,"comment_status":"","ping_status":"","sticky":false,"template":"","format":"standard","meta":{"footnotes":""},"categories":[1358],"tags":[1348,1384,1385,1386,58,59,1011,27,301],"class_list":{"0":"post-614515","1":"post","2":"type-post","3":"status-publish","4":"format-standard","5":"has-post-thumbnail","7":"category-arts-et-design","8":"tag-arts","9":"tag-arts-and-design","10":"tag-arts-et-design","11":"tag-design","12":"tag-divertissement","13":"tag-entertainment","14":"tag-fr","15":"tag-france","16":"tag-premium"},"share_on_mastodon":{"url":"https:\/\/pubeurope.com\/@fr\/115759566235175313","error":""},"_links":{"self":[{"href":"https:\/\/www.europesays.com\/fr\/wp-json\/wp\/v2\/posts\/614515","targetHints":{"allow":["GET"]}}],"collection":[{"href":"https:\/\/www.europesays.com\/fr\/wp-json\/wp\/v2\/posts"}],"about":[{"href":"https:\/\/www.europesays.com\/fr\/wp-json\/wp\/v2\/types\/post"}],"author":[{"embeddable":true,"href":"https:\/\/www.europesays.com\/fr\/wp-json\/wp\/v2\/users\/2"}],"replies":[{"embeddable":true,"href":"https:\/\/www.europesays.com\/fr\/wp-json\/wp\/v2\/comments?post=614515"}],"version-history":[{"count":0,"href":"https:\/\/www.europesays.com\/fr\/wp-json\/wp\/v2\/posts\/614515\/revisions"}],"wp:featuredmedia":[{"embeddable":true,"href":"https:\/\/www.europesays.com\/fr\/wp-json\/wp\/v2\/media\/614516"}],"wp:attachment":[{"href":"https:\/\/www.europesays.com\/fr\/wp-json\/wp\/v2\/media?parent=614515"}],"wp:term":[{"taxonomy":"category","embeddable":true,"href":"https:\/\/www.europesays.com\/fr\/wp-json\/wp\/v2\/categories?post=614515"},{"taxonomy":"post_tag","embeddable":true,"href":"https:\/\/www.europesays.com\/fr\/wp-json\/wp\/v2\/tags?post=614515"}],"curies":[{"name":"wp","href":"https:\/\/api.w.org\/{rel}","templated":true}]}}