{"id":614526,"date":"2025-12-21T21:05:14","date_gmt":"2025-12-21T21:05:14","guid":{"rendered":"https:\/\/www.europesays.com\/fr\/614526\/"},"modified":"2025-12-21T21:05:14","modified_gmt":"2025-12-21T21:05:14","slug":"les-designers-expliquent-par-quoi-les-remplacer","status":"publish","type":"post","link":"https:\/\/www.europesays.com\/fr\/614526\/","title":{"rendered":"les designers expliquent par quoi les remplacer"},"content":{"rendered":"<p>Vous regardez votre sol depuis des ann\u00e9es sans vraiment le voir<br \/>\n: ce damier noir et blanc de l\u2019entr\u00e9e, ce stratifi\u00e9 gris pos\u00e9 \u00e0 la<br \/>\nva-vite dans tout l\u2019appartement, ces carreaux brillants qui<br \/>\nglissent d\u00e8s qu\u2019ils sont un peu mouill\u00e9s. Ils ont \u00e9t\u00e9 \u00e0 la mode,<br \/>\nrassurants parce que vus partout, mais ils commencent aujourd\u2019hui \u00e0<br \/>\ntrahir l\u2019\u00e2ge de votre d\u00e9co.<\/p>\n<p>Les architectes d\u2019int\u00e9rieur le constatent : alors que la maison<br \/>\nse r\u00eave plus chaleureuse, textur\u00e9e et naturelle, certaines<br \/>\n<strong>tendances de rev\u00eatement de sol \u00e0 \u00e9viter<\/strong> tirent<br \/>\nclairement leur r\u00e9v\u00e9rence. Le mot d\u2019ordre 2025-2026 ? Moins de<br \/>\nsurfaces froides et brillantes, plus de bois chaud, d\u2019effets pierre<br \/>\net de finitions mates. Reste \u00e0 savoir si votre sol fait partie des<br \/>\ncinq styles en voie de disparition.<\/p>\n<p>Ces tendances de rev\u00eatement de sol qui datent d\u00e9sormais votre<br \/>\nint\u00e9rieur<\/p>\n<p>La d\u00e9co s\u2019est \u00e9loign\u00e9e du minimalisme glac\u00e9 pour adopter un<br \/>\nminimalisme chaleureux : couleurs terreuses, mati\u00e8res brutes, mix<br \/>\nd\u2019ancien et de contemporain. Comme pour le carrelage m\u00e9tro au mur,<br \/>\nl\u2019esth\u00e9tique du \u00ab\u00a0propre, blanc, sans risque\u00a0\u00bb a perdu son charme. Un<br \/>\nsol trop uniforme, trop gris ou trop brillant s\u2019oppose \u00e0 cette<br \/>\nenvie de cocon, surtout quand on l\u2019associe \u00e0 des murs encore clairs<br \/>\net \u00e0 peu de textiles.<\/p>\n<p>Dans ce contexte, les surfaces jug\u00e9es trop artificielles ou<br \/>\nagressives visuellement reculent. Les designers pointent surtout<br \/>\nles motifs tr\u00e8s contrast\u00e9s au sol, les teintes gris froid pos\u00e9es \u00e0<br \/>\nla cha\u00eene, les grandes dalles lisses de porcelaine, les vinyles<br \/>\nimitation carreaux charg\u00e9s et les <strong>finitions ultra<br \/>\nbrillantes<\/strong> fa\u00e7on h\u00f4tel. Ce sont pr\u00e9cis\u00e9ment ces cinq<br \/>\nfamilles que l\u2019on voit dispara\u00eetre des projets r\u00e9cents.<\/p>\n<ul>\n<li>Carrelage damier noir et blanc tr\u00e8s contrast\u00e9<\/li>\n<li>Sols gris froids \u00ab\u00a0builder-grade\u00a0\u00bb<\/li>\n<li>Grands carreaux de porcelaine unis<\/li>\n<li>Vinyle imitation carreaux \u00e0 motifs lourds<\/li>\n<li>Carrelages et parquets ultra brillants<\/li>\n<\/ul>\n<p>Cinq rev\u00eatements de sol \u00e0 \u00e9viter et les alternatives<br \/>\npl\u00e9biscit\u00e9es<\/p>\n<p>Le <strong>carrelage damier noir et blanc<\/strong> en est<br \/>\nl\u2019exemple parfait : graphique et photog\u00e9nique, il finit souvent par<br \/>\n\u00e9craser l\u2019espace, surtout dans une cuisine ou un hall d\u00e9j\u00e0 charg\u00e9s.<br \/>\nLa designer Damla Turgut r\u00e9sume le virage en cours : \u00ab\u00a0Nous<br \/>\nobservons un grand basculement vers des damiers plus doux et plus<br \/>\nnuanc\u00e9s : camel avec blanc cr\u00e8me, blanc cass\u00e9 avec gris sauge,<br \/>\nvoire bordeaux associ\u00e9 \u00e0 un neutre chaud. Ces combinaisons donnent<br \/>\ntoujours ce rythme graphique mais d\u00a0\u00bbune mani\u00e8re qui semble plus<br \/>\nintemporelle, indulgente et contemporaine\u00a0\u00bb, explique Damla Turgut,<br \/>\ncit\u00e9e par TheSpruce. Le motif reste, mais les couleurs<br \/>\ns\u2019adoucissent et se r\u00e9servent volontiers \u00e0 des petites<br \/>\nsurfaces.<\/p>\n<p>Les <strong>sols gris<\/strong> industriels suivent le m\u00eame<br \/>\nchemin. \u00ab\u00a0Les sols gris aux tonalit\u00e9s froides qui ont domin\u00e9 la<br \/>\nderni\u00e8re d\u00e9cennie perdent enfin de leur \u00e9lan. Ils aplatissent la<br \/>\nlumi\u00e8re naturelle, rendent les pi\u00e8ces froides et s&rsquo;opposent aux<br \/>\npalettes plus chaudes vers lesquelles les gens se tournent. Nous<br \/>\nvoyons les designers revenir au miel, au ch\u00eane naturel, au toffee<br \/>\net au noyer, tout ce qui a de la chaleur et de la variation\u00a0\u00bb,<br \/>\npoursuit Damla Turgut. C\u00f4t\u00e9 carrelage, la porcelaine unie et lisse<br \/>\nest aussi en recul : \u00ab\u00a0Une porcelaine ou une c\u00e9ramique g\u00e9n\u00e9rique<br \/>\npeut sembler froide, utilitaire et en d\u00e9calage avec la chaleur et<br \/>\nla sophistication que r\u00e9clament les cuisines d&rsquo;aujourd&rsquo;hui. Cela<br \/>\ndit, la porcelaine con\u00e7ue pour imiter la pierre naturelle peut \u00eatre<br \/>\n\u00e9l\u00e9gante lorsqu&rsquo;elle est ex\u00e9cut\u00e9e de mani\u00e8re r\u00e9fl\u00e9chie, et la<br \/>\npierre naturelle sur les sols et les comptoirs reste le v\u00e9ritable<br \/>\nsymbole de qualit\u00e9 et de go\u00fbt intemporel\u00a0\u00bb, observe Laura<br \/>\nO&rsquo;Brien.<\/p>\n<p>Comment r\u00e9ussir la transition vers des<br \/>\nsols plus chaleureux<\/p>\n<p>Les vinyles imitation carreaux tr\u00e8s \u00e0 motifs sont, eux aussi,<br \/>\nsur la sellette. Utilis\u00e9s partout au sol, ils fatiguent vite l\u2019\u0153il<br \/>\net \u00ab\u00a0crient\u00a0\u00bb plus qu\u2019ils ne d\u00e9corent. Les designers privil\u00e9gient<br \/>\nd\u00e9sormais des rev\u00eatements \u00e0 texture subtile, effet pierre ou bois,<br \/>\nqui laissent la place aux tapis et aux textiles pour apporter le<br \/>\ncaract\u00e8re. Un sol calme mais vivant permet d\u2019oser un mur \u00e0 motifs,<br \/>\nun papier peint fort ou des meubles vintage sans saturer<br \/>\nl\u2019ensemble.<\/p>\n<p>Dernier signal envoy\u00e9 par les pros : la fin des sols miroir.<br \/>\nCarrelages polis, stratifi\u00e9s laqu\u00e9s et marbres hyper lustr\u00e9s<br \/>\ndonnent une impression de maison t\u00e9moin, montrent la moindre trace<br \/>\net se r\u00e9v\u00e8lent glissants. Les finitions mates ou l\u00e9g\u00e8rement<br \/>\nsatin\u00e9es, inspir\u00e9es du tadelakt, du zellige ou des pierres<br \/>\nadoucies, cr\u00e9ent au contraire un effet enveloppant et chaleureux.<br \/>\nQue l\u2019on remplace tout le rev\u00eatement ou que l\u2019on se contente, pour<br \/>\nl\u2019instant, de grands tapis et de quelques \u00e9clairages chauds, l\u2019id\u00e9e<br \/>\nest toujours la m\u00eame : rapprocher le sol des mati\u00e8res naturelles et<br \/>\ndu v\u00e9cu que l\u2019on aime d\u00e9j\u00e0 voir sur ses murs et ses meubles.<\/p>\n","protected":false},"excerpt":{"rendered":"Vous regardez votre sol depuis des ann\u00e9es sans vraiment le voir : ce damier noir et blanc de&hellip;\n","protected":false},"author":2,"featured_media":614527,"comment_status":"","ping_status":"","sticky":false,"template":"","format":"standard","meta":{"footnotes":""},"categories":[8],"tags":[9638,9122,1805,58358,58,59,41296,1011,27,16978,151,5912,5577,1990,11493,72529,72530,17429,15161],"class_list":{"0":"post-614526","1":"post","2":"type-post","3":"status-publish","4":"format-standard","5":"has-post-thumbnail","7":"category-divertissement","8":"tag-9638","9":"tag-ces","10":"tag-de","11":"tag-designers","12":"tag-divertissement","13":"tag-entertainment","14":"tag-expliquent","15":"tag-fr","16":"tag-france","17":"tag-interieur","18":"tag-les","19":"tag-par","20":"tag-quoi","21":"tag-remplacer","22":"tag-rendent","23":"tag-revetements","24":"tag-ringard","25":"tag-sol","26":"tag-votre"},"share_on_mastodon":{"url":"https:\/\/pubeurope.com\/@fr\/115759593949656691","error":""},"_links":{"self":[{"href":"https:\/\/www.europesays.com\/fr\/wp-json\/wp\/v2\/posts\/614526","targetHints":{"allow":["GET"]}}],"collection":[{"href":"https:\/\/www.europesays.com\/fr\/wp-json\/wp\/v2\/posts"}],"about":[{"href":"https:\/\/www.europesays.com\/fr\/wp-json\/wp\/v2\/types\/post"}],"author":[{"embeddable":true,"href":"https:\/\/www.europesays.com\/fr\/wp-json\/wp\/v2\/users\/2"}],"replies":[{"embeddable":true,"href":"https:\/\/www.europesays.com\/fr\/wp-json\/wp\/v2\/comments?post=614526"}],"version-history":[{"count":0,"href":"https:\/\/www.europesays.com\/fr\/wp-json\/wp\/v2\/posts\/614526\/revisions"}],"wp:featuredmedia":[{"embeddable":true,"href":"https:\/\/www.europesays.com\/fr\/wp-json\/wp\/v2\/media\/614527"}],"wp:attachment":[{"href":"https:\/\/www.europesays.com\/fr\/wp-json\/wp\/v2\/media?parent=614526"}],"wp:term":[{"taxonomy":"category","embeddable":true,"href":"https:\/\/www.europesays.com\/fr\/wp-json\/wp\/v2\/categories?post=614526"},{"taxonomy":"post_tag","embeddable":true,"href":"https:\/\/www.europesays.com\/fr\/wp-json\/wp\/v2\/tags?post=614526"}],"curies":[{"name":"wp","href":"https:\/\/api.w.org\/{rel}","templated":true}]}}