{"id":614532,"date":"2025-12-21T21:08:14","date_gmt":"2025-12-21T21:08:14","guid":{"rendered":"https:\/\/www.europesays.com\/fr\/614532\/"},"modified":"2025-12-21T21:08:14","modified_gmt":"2025-12-21T21:08:14","slug":"nouvelle-rencontre-a-miami-et-tentative-de-percee-russe-dans-la-region-de-soumy","status":"publish","type":"post","link":"https:\/\/www.europesays.com\/fr\/614532\/","title":{"rendered":"Nouvelle rencontre \u00e0 Miami et tentative de perc\u00e9e russe dans la r\u00e9gion de Soumy"},"content":{"rendered":"<p>Vous avez rat\u00e9 les derniers \u00e9v\u00e9nements sur la <a href=\"https:\/\/www.20minutes.fr\/monde\/ukraine\/\" class=\"c-link c-link--is-underlined\" target=\"_blank\" rel=\"noopener\">guerre en Ukraine<\/a>\u00a0? 20 Minutes fait le point pour vous tous les soirs. Voici l\u2019essentiel de ce dimanche 21\u00a0d\u00e9cembre, au 1.397e jour du conflit.<\/p>\n<p>Le fait du jour<\/p>\n<p>Le n\u00e9gociateur en chef de Kiev, Roustem Oumerov, a annonc\u00e9 que les <a href=\"https:\/\/www.20minutes.fr\/monde\/ukraine\/4192614-20251221-guerre-ukraine-rencontre-trilaterale-programme-instant-selon-kremlin\" target=\"_blank\" class=\"c-link c-link--is-underlined\" rel=\"noopener\">envoy\u00e9s ukrainiens allaient de nouveau rencontrer la partie am\u00e9ricaine<\/a> \u00e0 Miami, pour des discussions sur une possible r\u00e9solution du conflit en Ukraine. \u00ab\u00a0Troisi\u00e8me jour de travail. Aujourd\u2019hui, avec le chef d\u2019\u00e9tat-major des forces arm\u00e9es Andri\u00ef Gnatov, nous allons avoir une autre <a href=\"https:\/\/www.20minutes.fr\/monde\/ukraine\/4192571-20251220-guerre-ukraine-russes-ukrainiens-retrouvent-miami-parler-paix\" target=\"_blank\" class=\"c-link c-link--is-underlined\" rel=\"noopener\">r\u00e9union avec la partie am\u00e9ricaine<\/a>\u00a0\u00bb, a-t-il d\u00e9clar\u00e9 sur Telegram, alors que les envoy\u00e9s am\u00e9ricains rencontrent \u00e9galement l\u2019\u00e9missaire russe Kirill Dmitriev pour la deuxi\u00e8me fois ce dimanche.<\/p>\n<\/p>\n<p>La d\u00e9claration du jour<\/p>\n<blockquote class=\"mx-m@xs mx-xxl@md color-ultramarine c-citation\">\n<p class=\"font-weight-regular@xs text-italic font-source-serif-pro text-l@xs c-citation__content\">\u00ab\u00a0A l\u2019heure des pr\u00e9dateurs, nous devons \u00eatre forts pour \u00eatre craints\u00a0\u00bb<\/p>\n<\/blockquote>\n<p>Emmanuel Macron a annonc\u00e9 la construction d\u2019un nouveau porte-avions, en remplacement du vieillissant Charles de Gaulle. Lui aussi \u00e0 propulsion nucl\u00e9aire, ce b\u00e2timent sera beaucoup plus massif que l\u2019actuel. Il fera pr\u00e8s de 80.000 tonnes et environ 310 m\u00e8tres de long, contre 42.000 tonnes et 261 m\u00e8tres pour le Charles De Gaulle. Avec un \u00e9quipage de 2.000 marins, il pourra embarquer 30 avions de combat. Livraison pr\u00e9vue en\u00a02038.<\/p>\n<p>La tendance<\/p>\n<p>L\u2019arm\u00e9e ukrainienne a annonc\u00e9 ce dimanche qu\u2019elle s\u2019effor\u00e7ait de repousser une tentative de perc\u00e9e des troupes russes dans une zone frontali\u00e8re de la r\u00e9gion de Soumy (nord-est). \u00ab\u00a0Des combats sont en cours dans le village de Grabovske\u00a0\u00bb, ont d\u00e9clar\u00e9 les forces ukrainiennes dans un message sur Telegram, ajoutant que \u00ab\u00a0les d\u00e9fenseurs ukrainiens s\u2019emploient \u00e0 repousser les occupants vers le territoire russe\u00a0\u00bb et d\u00e9mentant la pr\u00e9sence de soldats russes dans le village voisin de Riasne. Cette zone frontali\u00e8re avait \u00e9t\u00e9 jusqu\u2019\u00e0 pr\u00e9sent relativement \u00e9pargn\u00e9e.<\/p>\n<p>Le m\u00e9diateur ukrainien pour les droits humains, Dmytro Loubinets, a \u00e9galement accus\u00e9 les Russes d\u2019avoir \u00ab\u00a0emmen\u00e9 de force\u00a0\u00bb une cinquantaine de civils ukrainiens de Grabovske vers la Russie. Citant des informations pr\u00e9liminaires, il a racont\u00e9 que les soldats russes les avaient \u00ab\u00a0ill\u00e9galement arr\u00eat\u00e9s\u00a0\u00bb jeudi puis \u00ab\u00a0emmen\u00e9s de force sur le territoire de la F\u00e9d\u00e9ration de Russie\u00a0\u00bb samedi. L\u2019AFP n\u2019est pas en mesure de v\u00e9rifier ces all\u00e9gations.<\/p>\n","protected":false},"excerpt":{"rendered":"Vous avez rat\u00e9 les derniers \u00e9v\u00e9nements sur la guerre en Ukraine\u00a0? 20 Minutes fait le point pour vous&hellip;\n","protected":false},"author":2,"featured_media":614533,"comment_status":"","ping_status":"","sticky":false,"template":"","format":"standard","meta":{"footnotes":""},"categories":[5],"tags":[47,11,75,564,73,1011,27,131,14,4998,74,12,132,135,28],"class_list":{"0":"post-614532","1":"post","2":"type-post","3":"status-publish","4":"format-standard","5":"has-post-thumbnail","7":"category-international","8":"tag-actualite","9":"tag-actualites","10":"tag-donald-trump","11":"tag-drone","12":"tag-etats-unis","13":"tag-fr","14":"tag-france","15":"tag-guerre-en-ukraine","16":"tag-international","17":"tag-kremlin","18":"tag-monde","19":"tag-news","20":"tag-russie","21":"tag-vladimir-poutine","22":"tag-world"},"share_on_mastodon":{"url":"https:\/\/pubeurope.com\/@fr\/115759605630898715","error":""},"_links":{"self":[{"href":"https:\/\/www.europesays.com\/fr\/wp-json\/wp\/v2\/posts\/614532","targetHints":{"allow":["GET"]}}],"collection":[{"href":"https:\/\/www.europesays.com\/fr\/wp-json\/wp\/v2\/posts"}],"about":[{"href":"https:\/\/www.europesays.com\/fr\/wp-json\/wp\/v2\/types\/post"}],"author":[{"embeddable":true,"href":"https:\/\/www.europesays.com\/fr\/wp-json\/wp\/v2\/users\/2"}],"replies":[{"embeddable":true,"href":"https:\/\/www.europesays.com\/fr\/wp-json\/wp\/v2\/comments?post=614532"}],"version-history":[{"count":0,"href":"https:\/\/www.europesays.com\/fr\/wp-json\/wp\/v2\/posts\/614532\/revisions"}],"wp:featuredmedia":[{"embeddable":true,"href":"https:\/\/www.europesays.com\/fr\/wp-json\/wp\/v2\/media\/614533"}],"wp:attachment":[{"href":"https:\/\/www.europesays.com\/fr\/wp-json\/wp\/v2\/media?parent=614532"}],"wp:term":[{"taxonomy":"category","embeddable":true,"href":"https:\/\/www.europesays.com\/fr\/wp-json\/wp\/v2\/categories?post=614532"},{"taxonomy":"post_tag","embeddable":true,"href":"https:\/\/www.europesays.com\/fr\/wp-json\/wp\/v2\/tags?post=614532"}],"curies":[{"name":"wp","href":"https:\/\/api.w.org\/{rel}","templated":true}]}}