{"id":614541,"date":"2025-12-21T21:15:32","date_gmt":"2025-12-21T21:15:32","guid":{"rendered":"https:\/\/www.europesays.com\/fr\/614541\/"},"modified":"2025-12-21T21:15:32","modified_gmt":"2025-12-21T21:15:32","slug":"16es-de-finale-de-la-coupe-de-france-nancy-affrontera-le-mans","status":"publish","type":"post","link":"https:\/\/www.europesays.com\/fr\/614541\/","title":{"rendered":"16es de finale de la coupe de France : Nancy affrontera Le Mans"},"content":{"rendered":"<p>        <strong>Encore un d\u00e9placement pour l&rsquo;ASNL qui se rendra au Mans, actuel troisi\u00e8me du classement de Ligue 2.<\/strong><\/p>\n<p>Le tirage au sort des 16es de finale de la coupe de France a eu lieu ce dimanche avant la derni\u00e8re affiche des 32es de finale entre l&rsquo;Olympique Lyonnais et Saint-Cyr-sur-Loire. Les mains innocentes de Luis Fernandez et du rugbyman Ga\u00ebl Fickou ont d\u00e9sign\u00e9 Le Mans comme adversaire de l&rsquo;ASNL. La rencontre aura lieu le week-end du 10 janvier 2026 sur la pelouse mancelle.\u00a0<\/p>\n<p>Apr\u00e8s Grenoble, il s&rsquo;agit d&rsquo;un nouveau d\u00e9placement chez un pensionnaire de Ligue 2 pour les hommes de Pablo Correa.\u00a0<\/p>\n<p>\t\t\t\t\t\t<a href=\"https:\/\/www.pinterest.com\/pin\/create\/button\/\" data-pin-do=\"buttonBookmark\" data-pin-color=\"red\" target=\"_blank\" rel=\"noopener\"><img decoding=\"async\" src=\"https:\/\/www.europesays.com\/fr\/wp-content\/uploads\/2025\/04\/pinit_fg_en_rect_red_20.png\" alt=\"Pin It\"\/><\/a><\/p>\n","protected":false},"excerpt":{"rendered":"Encore un d\u00e9placement pour l&rsquo;ASNL qui se rendra au Mans, actuel troisi\u00e8me du classement de Ligue 2. Le&hellip;\n","protected":false},"author":2,"featured_media":614542,"comment_status":"","ping_status":"","sticky":false,"template":"","format":"standard","meta":{"footnotes":""},"categories":[9635],"tags":[1111,11,1777,674,1011,27,775,1702,12,25],"class_list":{"0":"post-614541","1":"post","2":"type-post","3":"status-publish","4":"format-standard","5":"has-post-thumbnail","7":"category-nancy","8":"tag-actu","9":"tag-actualites","10":"tag-eu","11":"tag-europe","12":"tag-fr","13":"tag-france","14":"tag-grand-est","15":"tag-nancy","16":"tag-news","17":"tag-republique-francaise"},"share_on_mastodon":{"url":"https:\/\/pubeurope.com\/@fr\/115759633873906486","error":""},"_links":{"self":[{"href":"https:\/\/www.europesays.com\/fr\/wp-json\/wp\/v2\/posts\/614541","targetHints":{"allow":["GET"]}}],"collection":[{"href":"https:\/\/www.europesays.com\/fr\/wp-json\/wp\/v2\/posts"}],"about":[{"href":"https:\/\/www.europesays.com\/fr\/wp-json\/wp\/v2\/types\/post"}],"author":[{"embeddable":true,"href":"https:\/\/www.europesays.com\/fr\/wp-json\/wp\/v2\/users\/2"}],"replies":[{"embeddable":true,"href":"https:\/\/www.europesays.com\/fr\/wp-json\/wp\/v2\/comments?post=614541"}],"version-history":[{"count":0,"href":"https:\/\/www.europesays.com\/fr\/wp-json\/wp\/v2\/posts\/614541\/revisions"}],"wp:featuredmedia":[{"embeddable":true,"href":"https:\/\/www.europesays.com\/fr\/wp-json\/wp\/v2\/media\/614542"}],"wp:attachment":[{"href":"https:\/\/www.europesays.com\/fr\/wp-json\/wp\/v2\/media?parent=614541"}],"wp:term":[{"taxonomy":"category","embeddable":true,"href":"https:\/\/www.europesays.com\/fr\/wp-json\/wp\/v2\/categories?post=614541"},{"taxonomy":"post_tag","embeddable":true,"href":"https:\/\/www.europesays.com\/fr\/wp-json\/wp\/v2\/tags?post=614541"}],"curies":[{"name":"wp","href":"https:\/\/api.w.org\/{rel}","templated":true}]}}