{"id":614547,"date":"2025-12-21T21:19:15","date_gmt":"2025-12-21T21:19:15","guid":{"rendered":"https:\/\/www.europesays.com\/fr\/614547\/"},"modified":"2025-12-21T21:19:15","modified_gmt":"2025-12-21T21:19:15","slug":"16e-de-finale-de-coupe-de-france-metz-montpellier-psg-paris-fc-mais-encore-bayeux-marseille-au-programme","status":"publish","type":"post","link":"https:\/\/www.europesays.com\/fr\/614547\/","title":{"rendered":"16e de finale de Coupe de France\u00a0: Metz-Montpellier, PSG-Paris-FC mais encore Bayeux-Marseille au programme"},"content":{"rendered":"<p>\n                                                                Victorieux (0-1) de Canet-en-Roussillon au tour pr\u00e9c\u00e9dent, le MHSC du pr\u00e9sident Nicollin se d\u00e9placera \u00e0 Metz en 16e de finale de Coupe de France apr\u00e8s le tirage au sort effectu\u00e9 ce dimanche soir.\n                            <\/p>\n<p>Jusque-l\u00e0 \u00e9pargn\u00e9 par le tirage au sort qui lui a propos\u00e9 des \u00e9quipes inf\u00e9rieures \u00e0 son niveau, le MHSC, vainqueur (0-1) \u00e0 Canet-en-Roussillon vendredi soir en 32e de finale, a cette fois-ci tir\u00e9 une Ligue 1.<\/p>\n<p>Ainsi, apr\u00e8s avoir \u00e9cart\u00e9 Agde (N3, 0-2), Montceau Bourgogne (R1, 0-2) et Canet-en-Roussillon (N3), le club pailladin se d\u00e9placera \u00e0 Metz (18e de L1), le week-end du 10\/11 janvier 2026. Mais avant \u00e7a, il y aura la r\u00e9ception de Dunkerque en Ligue 2, le 5\u00a0janvier.<\/p>\n<p>Derby parisien<\/p>\n<p>    Les 16e de finale<\/p>\n<p>Bayeux (R1) \u2013 OM<br \/>Nantes-Nice<br \/>Le Puy (N) \u2013 Reims (L2)<br \/>Sochaux (N) \u2013 Lens<br \/>Lille \u2013 OL ou Saint-Cyr Collonges (R1)<br \/>Haut Lyonnais (N3) \u2013 Lorient<br \/>Montreuil (R1) \u2013 Amiens (L2)<br \/>Orlans (N) \u2013 Monaco<br \/>Istres (N2) \u2013 Laval (L2)<br \/>Avranches (N2) \u2013 Strasbourg<br \/>Le\u00a0Mans (L2) \u2013 Nancy (L2)<br \/>Metz \u2013 Montpellier (L2)<br \/>Chantilly (N2) \u2013 Rennes<br \/>Bastia (L2) \u2013 Troyes (L2)<br \/>Angers \u2013 Toulouse<br \/>PSG \u2013 Paris FC<\/p>\n<p>\u00a0<\/p>\n<p>Parmi les autres affiches, \u00e0 suivre un all\u00e9chant Paris SG \u2013 Paris FC, mais aussi Nantes-Nice et Angers-Toulouse.<\/p>\n","protected":false},"excerpt":{"rendered":"Victorieux (0-1) de Canet-en-Roussillon au tour pr\u00e9c\u00e9dent, le MHSC du pr\u00e9sident Nicollin se d\u00e9placera \u00e0 Metz en 16e&hellip;\n","protected":false},"author":2,"featured_media":614548,"comment_status":"","ping_status":"","sticky":false,"template":"","format":"standard","meta":{"footnotes":""},"categories":[9599],"tags":[1111,11,1777,674,63,1011,27,7089,2208,12,2680,25,517],"class_list":{"0":"post-614547","1":"post","2":"type-post","3":"status-publish","4":"format-standard","5":"has-post-thumbnail","7":"category-montpellier","8":"tag-actu","9":"tag-actualites","10":"tag-eu","11":"tag-europe","12":"tag-football","13":"tag-fr","14":"tag-france","15":"tag-herault","16":"tag-montpellier","17":"tag-news","18":"tag-occitanie","19":"tag-republique-francaise","20":"tag-sport"},"share_on_mastodon":{"url":"https:\/\/pubeurope.com\/@fr\/115759648788875500","error":""},"_links":{"self":[{"href":"https:\/\/www.europesays.com\/fr\/wp-json\/wp\/v2\/posts\/614547","targetHints":{"allow":["GET"]}}],"collection":[{"href":"https:\/\/www.europesays.com\/fr\/wp-json\/wp\/v2\/posts"}],"about":[{"href":"https:\/\/www.europesays.com\/fr\/wp-json\/wp\/v2\/types\/post"}],"author":[{"embeddable":true,"href":"https:\/\/www.europesays.com\/fr\/wp-json\/wp\/v2\/users\/2"}],"replies":[{"embeddable":true,"href":"https:\/\/www.europesays.com\/fr\/wp-json\/wp\/v2\/comments?post=614547"}],"version-history":[{"count":0,"href":"https:\/\/www.europesays.com\/fr\/wp-json\/wp\/v2\/posts\/614547\/revisions"}],"wp:featuredmedia":[{"embeddable":true,"href":"https:\/\/www.europesays.com\/fr\/wp-json\/wp\/v2\/media\/614548"}],"wp:attachment":[{"href":"https:\/\/www.europesays.com\/fr\/wp-json\/wp\/v2\/media?parent=614547"}],"wp:term":[{"taxonomy":"category","embeddable":true,"href":"https:\/\/www.europesays.com\/fr\/wp-json\/wp\/v2\/categories?post=614547"},{"taxonomy":"post_tag","embeddable":true,"href":"https:\/\/www.europesays.com\/fr\/wp-json\/wp\/v2\/tags?post=614547"}],"curies":[{"name":"wp","href":"https:\/\/api.w.org\/{rel}","templated":true}]}}