{"id":614549,"date":"2025-12-21T21:22:18","date_gmt":"2025-12-21T21:22:18","guid":{"rendered":"https:\/\/www.europesays.com\/fr\/614549\/"},"modified":"2025-12-21T21:22:18","modified_gmt":"2025-12-21T21:22:18","slug":"des-verbalisations-et-du-materiel-confisque-apres-une-rave-party-illegale-sur-lile-lacroix-a-rouen","status":"publish","type":"post","link":"https:\/\/www.europesays.com\/fr\/614549\/","title":{"rendered":"Des verbalisations et du mat\u00e9riel confisqu\u00e9 apr\u00e8s une rave party ill\u00e9gale sur l&rsquo;\u00eele Lacroix \u00e0 Rouen"},"content":{"rendered":"<p>La pr\u00e9fecture de Seine-Maritime a indiqu\u00e9 qu&rsquo;une rave party \u00ab\u00a0ill\u00e9gale\u00a0\u00bb avait eu lieu dans la nuit de samedi \u00e0 dimanche, sur l&rsquo;\u00eele Lacroix \u00e0 Rouen. Elle a rassembl\u00e9 des centaines de participants\u00a0: certains ont \u00e9t\u00e9 verbalis\u00e9s, l&rsquo;un d&rsquo;eux interpell\u00e9, et le mat\u00e9riel confisqu\u00e9. <\/p>\n<p>Une rave party\u00a0\u00ab\u00a0non d\u00e9clar\u00e9e, et par cons\u00e9quent ill\u00e9gale\u00a0\u00bb\u00a0s&rsquo;est d\u00e9roul\u00e9e dans les locaux d\u00e9saffect\u00e9s du centre aquatique de l&rsquo;\u00eele Lacroix \u00e0 Rouen, dans la nuit du samedi 20 d\u00e9cembre au dimanche 21 d\u00e9cembre. C&rsquo;est ce qu&rsquo;indique la pr\u00e9fecture de Seine-Maritime ce dimanche soir dans un communiqu\u00e9.<\/p>\n<p>Un \u00e9v\u00e9nement musical qui a rassembl\u00e9 \u00ab\u00a0plusieurs centaines de participants\u00a0\u00bb, les organisateurs ayant \u00ab\u00a0p\u00e9n\u00e9tr\u00e9 sur les lieux par effraction\u00a0\u00bb, peut-on lire.<\/p>\n<p>Les organisateurs \u00e9taient inform\u00e9s de l&rsquo;interdiction<\/p>\n<p>Le pr\u00e9fet de Seine-Maritime <strong>avait pourtant interdit temporairement l&rsquo;organisation de \u00ab\u00a0rassemblements festifs \u00e0 caract\u00e8re musical non d\u00e9clar\u00e9s\u00a0\u00bb ce week-end,<\/strong> du vendredi 19 d\u00e9cembre au lundi 22 d\u00e9cembre \u00e0 15h, craignant l&rsquo;organisation, dans le d\u00e9partement, d&rsquo;une rave party intitul\u00e9e \u00ab\u00a0Underground Never die\u00a0\u00bb, selon le communiqu\u00e9.<\/p>\n<p>\u00c0 lire aussi   <img decoding=\"async\" src=\"https:\/\/www.europesays.com\/fr\/wp-content\/uploads\/2025\/12\/1766015135_597_400x400\" alt=\"\" style=\"--_image-preview:url('data:image\/jpeg;base64,\/9j\/2wBDACgcHiMeGSgjISMtKygwPGRBPDc3PHtYXUlkkYCZlo+AjIqgtObDoKrarYqMyP\/L2u71\/\/\/\/m8H\/\/\/\/6\/+b9\/\/j\/2wBDASstLTw1PHZBQXb4pYyl+Pj4+Pj4+Pj4+Pj4+Pj4+Pj4+Pj4+Pj4+Pj4+Pj4+Pj4+Pj4+Pj4+Pj4+Pj4+Pj4+Pj\/wAARCAAXACoDASIAAhEBAxEB\/8QAFwABAQEBAAAAAAAAAAAAAAAAAAECBf\/EABUQAQEAAAAAAAAAAAAAAAAAAAAR\/8QAFgEBAQEAAAAAAAAAAAAAAAAAAAEC\/8QAFREBAQAAAAAAAAAAAAAAAAAAABH\/2gAMAwEAAhEDEQA\/AOcCJWRAWgICtIDIgCiUoA\/\/2Q==');\" loading=\"lazy\" fetchpriority=\"low\" aria-hidden=\"true\" class=\"svelte-1cksh76 rounded\" onload=\"this.__e=event\" onerror=\"this.__e=event\"\/><\/p>\n<p>\u00ab\u00a0D\u00e8s l\u2019identification des premiers arrivants, dimanche avant 1h00, la Direction interd\u00e9partementale de la police nationale a mis en place un dispositif de s\u00e9curisation, qui incluait des contr\u00f4les routiers\u00a0\u00bb, pr\u00e9cise la pr\u00e9fecture. Elle ajoute que les forces de l&rsquo;ordre ont\u00a0\u00ab\u00a0aussi \u00e9tabli\u00a0le dialogue avec des participants m\u00e9diateurs, qui ont d\u00e9clar\u00e9 \u00eatre inform\u00e9s de la publication de l\u2019arr\u00eat\u00e9 et des risques encourus\u00a0\u00bb.<\/p>\n<p>Une interpellation<\/p>\n<p>Le site a \u00e9t\u00e9 \u00e9vacu\u00e9 ce matin \u00ab\u00a0sans heurt\u00a0\u00bb,\u00a0pr\u00e9cise le cabinet du pr\u00e9fet de Seine-Maritime. \u00ab\u00a0Le mat\u00e9riel de sonorisation et le v\u00e9hicule le contenant, ont fait l\u2019objet d\u2019une saisie conservatoire administrative conform\u00e9ment aux dispositions du Code de la s\u00e9curit\u00e9 int\u00e9rieure.\u00a0\u00bb<\/p>\n<p><strong>Des contr\u00f4les de police ont aussi \u00e9t\u00e9 effectu\u00e9s<\/strong>, conduisant \u00e0 des verbalisations pour \u00ab\u00a0non-respect de l&rsquo;arr\u00eat\u00e9 pr\u00e9fectoral\u00a0\u00bb, mais aussi pour d\u00e9tention de stup\u00e9fiants et \u00ab\u00a0port d&rsquo;arme prohib\u00e9\u00a0\u00bb. L&rsquo;un des participants a \u00e9t\u00e9 \u00ab\u00a0interpell\u00e9 <strong>pour un FPR<\/strong> (NDLR\u00a0: fichier des personnes recherch\u00e9es) positif.\u00a0\u00bb<\/p>\n","protected":false},"excerpt":{"rendered":"La pr\u00e9fecture de Seine-Maritime a indiqu\u00e9 qu&rsquo;une rave party \u00ab\u00a0ill\u00e9gale\u00a0\u00bb avait eu lieu dans la nuit de samedi&hellip;\n","protected":false},"author":2,"featured_media":614550,"comment_status":"","ping_status":"","sticky":false,"template":"","format":"standard","meta":{"footnotes":""},"categories":[9587],"tags":[1111,11,1777,674,1011,27,12,5161,25,9590],"class_list":{"0":"post-614549","1":"post","2":"type-post","3":"status-publish","4":"format-standard","5":"has-post-thumbnail","7":"category-rouen","8":"tag-actu","9":"tag-actualites","10":"tag-eu","11":"tag-europe","12":"tag-fr","13":"tag-france","14":"tag-news","15":"tag-normandie","16":"tag-republique-francaise","17":"tag-rouen"},"share_on_mastodon":{"url":"https:\/\/pubeurope.com\/@fr\/115759661564303347","error":""},"_links":{"self":[{"href":"https:\/\/www.europesays.com\/fr\/wp-json\/wp\/v2\/posts\/614549","targetHints":{"allow":["GET"]}}],"collection":[{"href":"https:\/\/www.europesays.com\/fr\/wp-json\/wp\/v2\/posts"}],"about":[{"href":"https:\/\/www.europesays.com\/fr\/wp-json\/wp\/v2\/types\/post"}],"author":[{"embeddable":true,"href":"https:\/\/www.europesays.com\/fr\/wp-json\/wp\/v2\/users\/2"}],"replies":[{"embeddable":true,"href":"https:\/\/www.europesays.com\/fr\/wp-json\/wp\/v2\/comments?post=614549"}],"version-history":[{"count":0,"href":"https:\/\/www.europesays.com\/fr\/wp-json\/wp\/v2\/posts\/614549\/revisions"}],"wp:featuredmedia":[{"embeddable":true,"href":"https:\/\/www.europesays.com\/fr\/wp-json\/wp\/v2\/media\/614550"}],"wp:attachment":[{"href":"https:\/\/www.europesays.com\/fr\/wp-json\/wp\/v2\/media?parent=614549"}],"wp:term":[{"taxonomy":"category","embeddable":true,"href":"https:\/\/www.europesays.com\/fr\/wp-json\/wp\/v2\/categories?post=614549"},{"taxonomy":"post_tag","embeddable":true,"href":"https:\/\/www.europesays.com\/fr\/wp-json\/wp\/v2\/tags?post=614549"}],"curies":[{"name":"wp","href":"https:\/\/api.w.org\/{rel}","templated":true}]}}