{"id":614557,"date":"2025-12-21T21:32:12","date_gmt":"2025-12-21T21:32:12","guid":{"rendered":"https:\/\/www.europesays.com\/fr\/614557\/"},"modified":"2025-12-21T21:32:12","modified_gmt":"2025-12-21T21:32:12","slug":"apres-les-croix-geantes-du-baou-de-saint-jeannet-une-nouvelle-croix-geante-installee-a-luceram","status":"publish","type":"post","link":"https:\/\/www.europesays.com\/fr\/614557\/","title":{"rendered":"Apr\u00e8s les croix g\u00e9antes du Baou de Saint-Jeannet, une nouvelle croix g\u00e9ante install\u00e9e \u00e0 Luc\u00e9ram"},"content":{"rendered":"<p class=\"fs-5 \">Rendez-vous \u00e9tait donn\u00e9 ce dimanche 21 d\u00e9cembre devant l\u2019\u00e9glise de Peira Cava, 39 chemin de la chapelle, <strong>\u00e0 Luc\u00e9ram, \u00e0 27 km de Nice<\/strong>.<\/p>\n<p class=\"fs-5 \">Objectif affich\u00e9 : i<strong>nstall\u00e9e une croix chr\u00e9tienne g\u00e9ante dans la vall\u00e9e du Paillon<\/strong>, apr\u00e8s en avoir \u00e9rig\u00e9 deux ill\u00e9galement sur le baou de Saint-Jeannet en novembre 2025. L\u2019une a myst\u00e9rieusement disparu, l\u2019autre a \u00e9t\u00e9 sci\u00e9e et s\u2019est \u00e9galement volatilis\u00e9e.<\/p>\n<p class=\"fs-5 \">\u00c0 la baguette, le <strong>compte Instagram \u00ab ainsi_soit_il06 \u00bb<\/strong>, d<a href=\"https:\/\/www.nicematin.com\/societe\/qui-se-cache-derriere-la-croix-geante-du-baou-de-saint-jeannet-10659690\" target=\"_blank\" rel=\"noopener\">erri\u00e8re lequel se cachent des supporters d\u2019extr\u00eame droite de l\u2019OGC Nice, des ultras membres de la Populaire Sud, h\u00e9riti\u00e8re de la Brigade Sud Nice (BSN).<\/a><\/p>\n<p>                                                                                Une installation l\u00e9gale ?<\/p>\n<p class=\"fs-5 \">Et \u00e0 en croire le compte Instagram susnomm\u00e9, le calvaire a \u00e9t\u00e9 install\u00e9 avec succ\u00e8s, malgr\u00e9 les 3 \u00b0C affich\u00e9s sur le thermom\u00e8tre.<\/p>\n<p class=\"fs-5 \">Reste \u00e0 savoir d\u00e9sormais si cette <a href=\"https:\/\/www.nicematin.com\/societe\/ce-n-est-pas-une-croix-qui-va-changer-quelque-chose-l-avis-des-religieux-sur-la-croix-du-baou-de-saint-jeannet-qui-devrait-etre-reinstallee-dans-la-vallee-du-paillon-10660847\" target=\"_blank\" rel=\"noopener\">croix chr\u00e9tienne<\/a> a \u00e9t\u00e9 install\u00e9e ill\u00e9galement, comme l<strong>es deux pr\u00e9c\u00e9dentes \u00e0 Saint-Jeannet qui se trouvaient sur le domaine public<\/strong> et tombaient donc sous le coup de la loi de 1905 sur la s\u00e9paration de l\u2019\u00c9glise et de l\u2019\u00c9tat. Ou tr\u00f4ne-t-elle sur une parcelle priv\u00e9e ? Et m\u00eame si la parcelle est priv\u00e9e, la loi pr\u00e9voit dans certains cas une d\u00e9claration pr\u00e9alable en mairie, si par exemple le site est prot\u00e9g\u00e9 ou class\u00e9&#8230;<\/p>\n","protected":false},"excerpt":{"rendered":"Rendez-vous \u00e9tait donn\u00e9 ce dimanche 21 d\u00e9cembre devant l\u2019\u00e9glise de Peira Cava, 39 chemin de la chapelle, \u00e0&hellip;\n","protected":false},"author":2,"featured_media":614558,"comment_status":"","ping_status":"","sticky":false,"template":"","format":"standard","meta":{"footnotes":""},"categories":[2819],"tags":[1111,11,1777,674,1011,27,12,2401,882,25],"class_list":{"0":"post-614557","1":"post","2":"type-post","3":"status-publish","4":"format-standard","5":"has-post-thumbnail","7":"category-nice","8":"tag-actu","9":"tag-actualites","10":"tag-eu","11":"tag-europe","12":"tag-fr","13":"tag-france","14":"tag-news","15":"tag-nice","16":"tag-provence-alpes-cote-dazur","17":"tag-republique-francaise"},"share_on_mastodon":{"url":"https:\/\/pubeurope.com\/@fr\/115759700060097234","error":""},"_links":{"self":[{"href":"https:\/\/www.europesays.com\/fr\/wp-json\/wp\/v2\/posts\/614557","targetHints":{"allow":["GET"]}}],"collection":[{"href":"https:\/\/www.europesays.com\/fr\/wp-json\/wp\/v2\/posts"}],"about":[{"href":"https:\/\/www.europesays.com\/fr\/wp-json\/wp\/v2\/types\/post"}],"author":[{"embeddable":true,"href":"https:\/\/www.europesays.com\/fr\/wp-json\/wp\/v2\/users\/2"}],"replies":[{"embeddable":true,"href":"https:\/\/www.europesays.com\/fr\/wp-json\/wp\/v2\/comments?post=614557"}],"version-history":[{"count":0,"href":"https:\/\/www.europesays.com\/fr\/wp-json\/wp\/v2\/posts\/614557\/revisions"}],"wp:featuredmedia":[{"embeddable":true,"href":"https:\/\/www.europesays.com\/fr\/wp-json\/wp\/v2\/media\/614558"}],"wp:attachment":[{"href":"https:\/\/www.europesays.com\/fr\/wp-json\/wp\/v2\/media?parent=614557"}],"wp:term":[{"taxonomy":"category","embeddable":true,"href":"https:\/\/www.europesays.com\/fr\/wp-json\/wp\/v2\/categories?post=614557"},{"taxonomy":"post_tag","embeddable":true,"href":"https:\/\/www.europesays.com\/fr\/wp-json\/wp\/v2\/tags?post=614557"}],"curies":[{"name":"wp","href":"https:\/\/api.w.org\/{rel}","templated":true}]}}