{"id":614559,"date":"2025-12-21T21:33:21","date_gmt":"2025-12-21T21:33:21","guid":{"rendered":"https:\/\/www.europesays.com\/fr\/614559\/"},"modified":"2025-12-21T21:33:21","modified_gmt":"2025-12-21T21:33:21","slug":"nice-plus-de-500-courageux-ont-plonge-dans-la-mediterranee-pour-le-traditionnel-bain-de-noel","status":"publish","type":"post","link":"https:\/\/www.europesays.com\/fr\/614559\/","title":{"rendered":"Nice\u00a0: plus de 500 courageux ont plong\u00e9 dans la M\u00e9diterran\u00e9e pour le traditionnel bain de No\u00ebl"},"content":{"rendered":"<p>Bonnet de P\u00e8re No\u00ebl viss\u00e9 sur la t\u00eate, d\u00e9guisements, musique et applaudissements\u00a0: le traditionnel bain de No\u00ebl a une nouvelle fois rassembl\u00e9 les Ni\u00e7ois ce dimanche 21 d\u00e9cembre. Malgr\u00e9 un ciel mena\u00e7ant, plus de 500 personnes se sont jet\u00e9es \u00e0 l&rsquo;eau. <\/p>\n<p>Sur la plage, l\u2019ambiance \u00e9tait festive. Dans l\u2019eau, de nombreux courageux se sont baign\u00e9s malgr\u00e9 une temp\u00e9rature affich\u00e9e \u00e0 16 degr\u00e9s.<\/p>\n<p>Juste avant le grand plongeon, l\u2019excitation \u00e9tait palpable. Certains h\u00e9sitaient puis se sont motiv\u00e9s gr\u00e2ce aux nombreux encouragements. Cris, rires, \u00e9claboussures\u2026 l\u2019entr\u00e9e dans l\u2019eau s&rsquo;est faite dans un joyeux vacarme.<\/p>\n<p>Parmi les baigneurs, certains participaient pour la premi\u00e8re fois, d\u2019autres \u00e9taient des habitu\u00e9s. Tous partageaient le m\u00eame sourire une fois dans l\u2019eau. <strong>No\u00ebl, 77 ans<\/strong>, est venu c\u00e9l\u00e9brer son anniversaire en maillot de bain. \u00c0 la sortie, il n&rsquo;a pas cach\u00e9 son plaisir\u00a0: \u00ab\u00a0Elle n&rsquo;est m\u00eame pas froide, je reviendrai chaque ann\u00e9e jusqu&rsquo;\u00e0 mes 90 ans (rires).\u00a0\u00bb<\/p>\n<p><strong>Rudy<\/strong>, lui, est ressorti presque \u00e9tonn\u00e9 de ne pas claquer des dents. \u00ab\u00a0C&rsquo;est presque l&rsquo;\u00e9t\u00e9\u00a0\u00bb,\u00a0a-t-il confi\u00e9, encore ruisselant.<\/p>\n<p>Une tradition qui a presque 80 ans<\/p>\n<p>Le bain de No\u00ebl est aussi un rendez-vous familial. <strong>Murielle<\/strong> est venue avec ses deux fils et son mari. Elle a estim\u00e9 qu&rsquo;il \u00ab\u00a0faut \u00eatre fou pour faire \u00e7a, j&rsquo;ai suivi mes enfants. C&rsquo;est g\u00e9nial, \u00e7a rassemble les gens dans une ambiance atypique\u00a0\u00bb. Son conjoint <strong>Patrick<\/strong>, rest\u00e9 au bord de l\u2019eau, a pr\u00e9f\u00e9r\u00e9 encourager et profiter de l\u2019ambiance\u00a0: \u00ab\u00a0Moi j&rsquo;ai fait la couverture m\u00e9diatique. Je suis venu prendre des photos. Je suis un vrai m\u00e9diterran\u00e9en et je trouve l&rsquo;eau un peu fra\u00eeche\u00a0\u00bb.<\/p>\n<p>Cette tradition existe \u00e0 Nice depuis pr\u00e8s de 80 ans.\u00a0Pour les plus motiv\u00e9s, le prochain rendez-vous est d\u00e9j\u00e0 fix\u00e9\u00a0: le bain du Nouvel An. Le rendez-vous est fix\u00e9 \u00e0 <strong>Golfe Juan le 1er janvier \u00e0 11h<\/strong> sur les plages du soleil ou encore \u00e0 <strong>Menton le 4 janvier \u00e0 9h30<\/strong> aux Sablettes. D&rsquo;ici l\u00e0, il y en aura un \u00e0 <strong>Monaco, ce mercredi 24 d\u00e9cembre sur la plage du Larvotto \u00e0 9h30.<\/strong><\/p>\n","protected":false},"excerpt":{"rendered":"Bonnet de P\u00e8re No\u00ebl viss\u00e9 sur la t\u00eate, d\u00e9guisements, musique et applaudissements\u00a0: le traditionnel bain de No\u00ebl a&hellip;\n","protected":false},"author":2,"featured_media":614560,"comment_status":"","ping_status":"","sticky":false,"template":"","format":"standard","meta":{"footnotes":""},"categories":[2819],"tags":[1111,11,1777,674,1011,27,12,2401,882,25],"class_list":{"0":"post-614559","1":"post","2":"type-post","3":"status-publish","4":"format-standard","5":"has-post-thumbnail","7":"category-nice","8":"tag-actu","9":"tag-actualites","10":"tag-eu","11":"tag-europe","12":"tag-fr","13":"tag-france","14":"tag-news","15":"tag-nice","16":"tag-provence-alpes-cote-dazur","17":"tag-republique-francaise"},"share_on_mastodon":{"url":"https:\/\/pubeurope.com\/@fr\/115759703990270767","error":""},"_links":{"self":[{"href":"https:\/\/www.europesays.com\/fr\/wp-json\/wp\/v2\/posts\/614559","targetHints":{"allow":["GET"]}}],"collection":[{"href":"https:\/\/www.europesays.com\/fr\/wp-json\/wp\/v2\/posts"}],"about":[{"href":"https:\/\/www.europesays.com\/fr\/wp-json\/wp\/v2\/types\/post"}],"author":[{"embeddable":true,"href":"https:\/\/www.europesays.com\/fr\/wp-json\/wp\/v2\/users\/2"}],"replies":[{"embeddable":true,"href":"https:\/\/www.europesays.com\/fr\/wp-json\/wp\/v2\/comments?post=614559"}],"version-history":[{"count":0,"href":"https:\/\/www.europesays.com\/fr\/wp-json\/wp\/v2\/posts\/614559\/revisions"}],"wp:featuredmedia":[{"embeddable":true,"href":"https:\/\/www.europesays.com\/fr\/wp-json\/wp\/v2\/media\/614560"}],"wp:attachment":[{"href":"https:\/\/www.europesays.com\/fr\/wp-json\/wp\/v2\/media?parent=614559"}],"wp:term":[{"taxonomy":"category","embeddable":true,"href":"https:\/\/www.europesays.com\/fr\/wp-json\/wp\/v2\/categories?post=614559"},{"taxonomy":"post_tag","embeddable":true,"href":"https:\/\/www.europesays.com\/fr\/wp-json\/wp\/v2\/tags?post=614559"}],"curies":[{"name":"wp","href":"https:\/\/api.w.org\/{rel}","templated":true}]}}