{"id":614570,"date":"2025-12-21T21:40:34","date_gmt":"2025-12-21T21:40:34","guid":{"rendered":"https:\/\/www.europesays.com\/fr\/614570\/"},"modified":"2025-12-21T21:40:34","modified_gmt":"2025-12-21T21:40:34","slug":"toulouse-to-lose-lusam-nimes-ne-sait-plus-voyager-huit-mois-sans-victoire-a-lexterieur-en-championnat","status":"publish","type":"post","link":"https:\/\/www.europesays.com\/fr\/614570\/","title":{"rendered":"Toulouse, to lose, l\u2019Usam N\u00eemes ne sait plus voyager\u00a0: huit mois sans victoire \u00e0 l\u2019ext\u00e9rieur en championnat"},"content":{"rendered":"<p>\n                                                                Battue samedi dans la Ville rose, la Green team, 10e \u00e0 la tr\u00eave, n\u2019a plus gagn\u00e9 \u00e0 l\u2019ext\u00e9rieur en championnat depuis huit mois\u2026\n                            <\/p>\n<p>Quand \u00e7a perd, quand les d\u00e9faites s\u2019accumulent, la nostalgie vous gagne. On repense \u00e0 des matches remport\u00e9s par l\u2019Usam \u00e0 l\u2019ext\u00e9rieur, qui semblent si loin\u00a0: le temps o\u00f9 les Verts s\u2019imposaient r\u00e9guli\u00e8rement \u00e0 Nantes (2019, 2017 ou 2014, un 27-22 avec 13 buts de\u2026 Saurina, qui sera l\u2019entra\u00eeneur de N\u00eemes la saison prochaine selon Midi Libre), triomphaient \u00e0 Paris (33-32 en mai\u00a02024), en coupe d\u2019Europe dans l\u2019ambiance hostile mac\u00e9donienne de Bitola Pelister (26-21, 15-6 \u00e0 la mi-temps en octobre\u00a02021\u00a0!) et bien entendu \u00e0 Toulouse, le derby de l\u2019Occitanie revenant souvent \u00e0 la Green team, comme ce 35-26 en mai\u00a02022.<\/p>\n<p>\u00c0 la mi-temps, Pardin avait fait autant d\u2019arr\u00eats (9) que ce que les N\u00eemois\u00a0avaient inscrit de buts\u2026<\/p>\n<p>N\u2019en jetez plus, ne revenez plus, ne vous d\u00e9placez plus. L\u2019Usam s\u2019est inclin\u00e9e dans la Ville rose, samedi (27-22), avec une d\u00e9fense, mais sans attaque, comme souvent cette saison. Une stat\u2019, terrible\u00a0: \u00e0 la pause, Pardin avait fait autant d\u2019arr\u00eats (9) que ce que ses co\u00e9quipiers avaient marqu\u00e9 de buts (9-12)&#8230;<\/p>\n<p>L&rsquo;Usam, 4e \u00e0 domicile, 15e et avant-dernier \u00e0 l\u2019ext\u00e9rieur<\/p>\n<p>Le bilan n\u00eemois \u00e0 l\u2019ext\u00e9rieur est terrible, aussi, \u00e0 la tr\u00eave\u00a0: un nul (\u00e0 l\u2019arrach\u00e9 \u00e0 Limoges) et six revers. \u00c0 mi-saison, la formation de David Degouy est 4e \u00e0 domicile, derri\u00e8re les trois cadors (PSG, Nantes, Montpellier), et avant-derni\u00e8re hors de ses bases. La seule de Starligue sans succ\u00e8s en d\u00e9placement, avec le promu Dijon\u2026<\/p>\n<p>David Degouy\u00a0: \u00ab\u00a0Il y a z\u00e9ro syndrome\u00a0\u00bb<\/p>\n<p>Alors, y\u2019a-t-il un syndrome\u00a0? \u00ab\u00a0Il y a z\u00e9ro syndrome, balaie le coach gardois. Juste des efforts plus importants \u00e0 fournir \u00e0 l\u2019ext\u00e9rieur si nous voulons exister.\u00a0\u00bb\u00a0Il serait temps qu\u2019ils soient faits, ces efforts. M\u00eame si c\u2019\u00e9tait compliqu\u00e9 sans gaucher sur la base arri\u00e8re \u00e0 Toulouse (Abdelhak parti \u00e0 Kiel, dos douloureux pour Gibernon, entorse de la cheville pour Onodi), et sans Kamtchop-Baril, l\u2019Usamiste le plus pr\u00e9cis au tir, exclu, rouge direct, pour une main au visage, apr\u00e8s 2 minutes et 27 secondes de jeu.<\/p>\n<p>L\u2019Usam n\u2019a plus cri\u00e9 victoire en championnat en dehors du Parnasse depuis le 2\u00a0mai \u00e0 Istres, soit neuf rencontres. Alors, gagner \u00e0 nouveau un jour en Coupe d\u2019Europe, pensez-vous\u2026<\/p>\n<p>    Reprise le 8\u00a0janvier, le programme<\/p>\n<p>Reprise de l\u2019entra\u00eenement jeudi 8\u00a0janvier avec une triple s\u00e9ance CrossFit, handball (matin), CrossFit (apr\u00e8s-midi). Un match amical et deux tournois sont pr\u00e9vus\u00a0: vendredi\u00a016 \u00e0 20\u00a0h contre Chamb\u00e9ry au Palais Omnisports de l\u2019Escale \u00e0 Arnas (Ain)\u00a0; les 23 et 24\u00a0janvier \u00e0 Saint-Jean-de-Maurienne (Savoie) pour le tournoi des Alpes avec Saint-Rapha\u00ebl, Chamb\u00e9ry et Schaffhausen (Suisse)\u00a0; et \u00e0 la fin du mois \u00e0 Saint-Etienne avec le tournoi \u201cHand \u00c9lite 42\u201d. Les Usamistes y retrouveront Aix en demi-finale jeudi\u00a029 \u00e0 21\u00a0h et Istres ou Tremblay vendredi\u00a030 en finale ou pour la 3e place.<\/p>\n<p>Premier match officiel en 2026\u00a0: samedi\u00a07 ou dimanche 8\u00a0f\u00e9vrier \u00e0 Chamb\u00e9ry en quart de finale de Coupe de France. Le championnat reprendra samedi 14\u00a0f\u00e9vrier \u00e0 20\u00a0h avec la r\u00e9ception de Cesson-Rennes au Parnasse.<\/p>\n<p>\u00c0 lire dans une prochaine \u00e9dition, le bilan et les explications d\u2019une premi\u00e8re partie de saison rat\u00e9e.<\/p>\n","protected":false},"excerpt":{"rendered":"Battue samedi dans la Ville rose, la Green team, 10e \u00e0 la tr\u00eave, n\u2019a plus gagn\u00e9 \u00e0 l\u2019ext\u00e9rieur&hellip;\n","protected":false},"author":2,"featured_media":614571,"comment_status":"","ping_status":"","sticky":false,"template":"","format":"standard","meta":{"footnotes":""},"categories":[2816],"tags":[1111,11,1777,674,1011,27,2679,1792,12,2682,2680,25,517,2312],"class_list":{"0":"post-614570","1":"post","2":"type-post","3":"status-publish","4":"format-standard","5":"has-post-thumbnail","7":"category-toulouse","8":"tag-actu","9":"tag-actualites","10":"tag-eu","11":"tag-europe","12":"tag-fr","13":"tag-france","14":"tag-gard","15":"tag-handball","16":"tag-news","17":"tag-nimes","18":"tag-occitanie","19":"tag-republique-francaise","20":"tag-sport","21":"tag-toulouse"},"share_on_mastodon":{"url":"https:\/\/pubeurope.com\/@fr\/115759731361638751","error":""},"_links":{"self":[{"href":"https:\/\/www.europesays.com\/fr\/wp-json\/wp\/v2\/posts\/614570","targetHints":{"allow":["GET"]}}],"collection":[{"href":"https:\/\/www.europesays.com\/fr\/wp-json\/wp\/v2\/posts"}],"about":[{"href":"https:\/\/www.europesays.com\/fr\/wp-json\/wp\/v2\/types\/post"}],"author":[{"embeddable":true,"href":"https:\/\/www.europesays.com\/fr\/wp-json\/wp\/v2\/users\/2"}],"replies":[{"embeddable":true,"href":"https:\/\/www.europesays.com\/fr\/wp-json\/wp\/v2\/comments?post=614570"}],"version-history":[{"count":0,"href":"https:\/\/www.europesays.com\/fr\/wp-json\/wp\/v2\/posts\/614570\/revisions"}],"wp:featuredmedia":[{"embeddable":true,"href":"https:\/\/www.europesays.com\/fr\/wp-json\/wp\/v2\/media\/614571"}],"wp:attachment":[{"href":"https:\/\/www.europesays.com\/fr\/wp-json\/wp\/v2\/media?parent=614570"}],"wp:term":[{"taxonomy":"category","embeddable":true,"href":"https:\/\/www.europesays.com\/fr\/wp-json\/wp\/v2\/categories?post=614570"},{"taxonomy":"post_tag","embeddable":true,"href":"https:\/\/www.europesays.com\/fr\/wp-json\/wp\/v2\/tags?post=614570"}],"curies":[{"name":"wp","href":"https:\/\/api.w.org\/{rel}","templated":true}]}}