{"id":614572,"date":"2025-12-21T21:43:13","date_gmt":"2025-12-21T21:43:13","guid":{"rendered":"https:\/\/www.europesays.com\/fr\/614572\/"},"modified":"2025-12-21T21:43:13","modified_gmt":"2025-12-21T21:43:13","slug":"hauts-lyonnais-recevra-lorient-lille-pour-le-vainqueur-dol-st-cyr","status":"publish","type":"post","link":"https:\/\/www.europesays.com\/fr\/614572\/","title":{"rendered":"Hauts Lyonnais recevra Lorient, Lille pour le vainqueur d\u2019OL \u2013 St-Cyr"},"content":{"rendered":"<p>Hauts Lyonnais voulait affronter une Ligue 1 en 16e, ce sera le cas. Le tirage au sort effectu\u00e9 dimanche en fin de soir\u00e9e par Luis Fernandez et Ga\u00ebl Fickou sur le plateau de BeIN sports a offert Lorient comme adversaires de l\u2019\u00e9quipe des monts du Lyonnais. La rencontre, qui ne se disputera sans doute pas au stade Thomas Granjon de Saint-Symporien-sur-Coise, se d\u00e9roulera le week-end des 10 et 11 janvier.<\/p>\n<p>Pour la premi\u00e8re fois de son histoire <a href=\"https:\/\/www.leprogres.fr\/sport\/2025\/12\/21\/suivez-bassin-d-arcachon-hauts-lyonnais-les-rhodaniens-revent-de-16e-de-finale\" target=\"_blank\" rel=\"noopener\">Hauts Lyonnais s\u2019est qualifi\u00e9 en 16e<\/a> de finale en s\u2019imposant 1 \u00e0 0 \u00e0 Arcachon, apr\u00e8s avoir \u00e9t\u00e9 \u00e9limin\u00e9 lors de leurs trois premi\u00e8res apparitions en 32e. Cette ann\u00e9e, sur les sept tours qu\u2019ils ont pass\u00e9s, quatre d\u2019entre eux l\u2019ont \u00e9t\u00e9 aux tirs au but.<\/p>\n<p>Lille pour l&rsquo;OL ou Saint-Cyr\/Collonges<\/p>\n<p>Quant au vainqueur du\u00a0<a href=\"https:\/\/www.leprogres.fr\/sport\/2025\/12\/21\/suivez-ol-saint-cyr-collonges-la-fete-du-football-du-rhone\" target=\"_blank\" rel=\"noopener\">match OL\/St-Cyr<\/a>\u00a0qui se tiendra au <a href=\"https:\/\/www.leprogres.fr\/p\/groupama-stadium\" target=\"_blank\" rel=\"noopener\">Groupama Stadium<\/a> \u00e0 partir de 21 h ce dimanche, il affrontera le LOSC au prochain tour. Soit l\u2019OL se d\u00e9placera \u00e0 Lille pour un match 100 % Ligue 1, soit ce sont les Lillois qui se d\u00e9placeront en cas de qualification de St-Cyr Collonges.<\/p>\n","protected":false},"excerpt":{"rendered":"Hauts Lyonnais voulait affronter une Ligue 1 en 16e, ce sera le cas. Le tirage au sort effectu\u00e9&hellip;\n","protected":false},"author":2,"featured_media":614573,"comment_status":"","ping_status":"","sticky":false,"template":"","format":"standard","meta":{"footnotes":""},"categories":[2815],"tags":[1111,11,17957,28037,15922,2757,3153,3154,1777,674,63,1011,27,811,1307,2428,12,2755,25,2429,20043,14527,517],"class_list":{"0":"post-614572","1":"post","2":"type-post","3":"status-publish","4":"format-standard","5":"has-post-thumbnail","7":"category-lille","8":"tag-actu","9":"tag-actualites","10":"tag-aveize","11":"tag-collonges-au-mont-dor","12":"tag-coupe-de-france-de-football","13":"tag-edition-lyon-villeurbanne","14":"tag-edition-ouest-lyonnais","15":"tag-edition-sud-lyonnais","16":"tag-eu","17":"tag-europe","18":"tag-football","19":"tag-fr","20":"tag-france","21":"tag-hauts-de-france","22":"tag-lille","23":"tag-lyon","24":"tag-news","25":"tag-ol-olympique-lyonnais-football","26":"tag-republique-francaise","27":"tag-rhone","28":"tag-saint-cyr-au-mont-dor","29":"tag-saint-symphorien-sur-coise","30":"tag-sport"},"share_on_mastodon":{"url":"https:\/\/pubeurope.com\/@fr\/115759743385134114","error":""},"_links":{"self":[{"href":"https:\/\/www.europesays.com\/fr\/wp-json\/wp\/v2\/posts\/614572","targetHints":{"allow":["GET"]}}],"collection":[{"href":"https:\/\/www.europesays.com\/fr\/wp-json\/wp\/v2\/posts"}],"about":[{"href":"https:\/\/www.europesays.com\/fr\/wp-json\/wp\/v2\/types\/post"}],"author":[{"embeddable":true,"href":"https:\/\/www.europesays.com\/fr\/wp-json\/wp\/v2\/users\/2"}],"replies":[{"embeddable":true,"href":"https:\/\/www.europesays.com\/fr\/wp-json\/wp\/v2\/comments?post=614572"}],"version-history":[{"count":0,"href":"https:\/\/www.europesays.com\/fr\/wp-json\/wp\/v2\/posts\/614572\/revisions"}],"wp:featuredmedia":[{"embeddable":true,"href":"https:\/\/www.europesays.com\/fr\/wp-json\/wp\/v2\/media\/614573"}],"wp:attachment":[{"href":"https:\/\/www.europesays.com\/fr\/wp-json\/wp\/v2\/media?parent=614572"}],"wp:term":[{"taxonomy":"category","embeddable":true,"href":"https:\/\/www.europesays.com\/fr\/wp-json\/wp\/v2\/categories?post=614572"},{"taxonomy":"post_tag","embeddable":true,"href":"https:\/\/www.europesays.com\/fr\/wp-json\/wp\/v2\/tags?post=614572"}],"curies":[{"name":"wp","href":"https:\/\/api.w.org\/{rel}","templated":true}]}}