{"id":614574,"date":"2025-12-21T21:44:13","date_gmt":"2025-12-21T21:44:13","guid":{"rendered":"https:\/\/www.europesays.com\/fr\/614574\/"},"modified":"2025-12-21T21:44:13","modified_gmt":"2025-12-21T21:44:13","slug":"dans-le-centre-de-marseille-le-scooter-larme-fatale-de-la-police-municipale","status":"publish","type":"post","link":"https:\/\/www.europesays.com\/fr\/614574\/","title":{"rendered":"Dans le centre de Marseille, le scooter, l&rsquo;arme fatale de la police municipale"},"content":{"rendered":"<p>Ce matin de fin novembre, la patrouille de <a href=\"https:\/\/www.laprovence.com\/article\/faits-divers-justice\/114464402494314\/la-police-municipale-de-marseille-ouvre-ses-portes-et-montre-ses-muscles\" target=\"_blank\" rel=\"noopener\">policiers municipaux<\/a> \u00e0 scooter fait du porte-\u00e0-porte entre les rues de Rome et Paradis. L\u2019approche des f\u00eates s\u2019accompagne d\u2019une autre tradition saisonni\u00e8re\u00a0: le vol \u00e0 main arm\u00e9e. Alors Redha et son \u00e9quipe de la brigade des \u00ab\u00a0scooters centre\u00a0\u00bb arpentent les commerces pour donner leurs coordonn\u00e9es et discuter avec les g\u00e9rants, et surtout les vigiles.<\/p>\n<p>Car au-del\u00e0 du risque de braquage, <a href=\"https:\/\/www.laprovence.com\/article\/region\/86084466988249\/feu-dartifice-drones-et-concert-le-noel-marseillais-a-ambiance-le-vieux-port\" target=\"_blank\" rel=\"noopener\">f\u00eates ou pas f\u00eates<\/a>, les vols et les agressions font partie du quotidien. \u00ab\u00a0Une fois, ils sont m\u00eame all\u00e9s se servir dans la r\u00e9serve, glisse une vendeuse dans une boutique de v\u00eatements de la rue de Rome, mais il faut faire attention, car ils ont parfois des couteaux.\u00a0\u00bb<\/p>\n<p>\u00c0 l\u2019angle Paradis\/Venture, la boutique Swatch a essuy\u00e9 sept tentatives de vol en dix jours. Quelques mois plus t\u00f4t, l\u2019horloger avait aussi \u00e9t\u00e9 victime d\u2019un vol par effraction &#8211; c\u2019est d\u2019ailleurs <a href=\"https:\/\/www.laprovence.com\/article\/faits-divers-justice\/1059698185875915\/un-sdf-cambriole-une-boutique-swatch-a-marseille-et-vole-sans-le-savoir-une-montre-collector\" target=\"_blank\" rel=\"noopener\">une patrouille des scooters centre qui avait retrouv\u00e9 l\u2019auteur<\/a>. Un peu plus loin, un pharmacien aux portes de Noailles rapporte les cas incessants de fausses ordonnances. \u00ab\u00a0Pour des bo\u00eetes d\u2019anticanc\u00e9reux \u00e0 plusieurs milliers d\u2019euros, du Lyrica, des compl\u00e9ments nutritionnels oraux, des patchs de nicotine\u2026 \u00e7a n\u2019arr\u00eate pas. Mais on ne va pas retenir la personne\u2026\u00a0\u00bb, rel\u00e8ve le pharmacien.<\/p>\n<p>\u00ab\u00a0Appelez-nous, on pourra suivre la personne sur les cam\u00e9ras, le temps qu\u2019on arrive\u00a0\u00bb, explique le policier municipal. Au bar PMU voisin, ce sont les paiements sans contact de jeux \u00e0 gratter avec des cartes bancaires vol\u00e9es qui ponctuent le quotidien. Mais en fin de matin\u00e9e, un appel radio met brutalement fin \u00e0 l\u2019ilotage.<\/p>\n<p>Coup de chaud \u00e0 Noailles<\/p>\n<p>\u00c0 quelques centaines de m\u00e8tres, place des Capucins, un \u00e9quipage en difficult\u00e9 demande du renfort. Aussit\u00f4t, tout ce que l\u2019hypercentre compte d\u2019agents municipaux converge. Gu\u00e8re plus d\u2019une minute apr\u00e8s l\u2019alerte, le march\u00e9 des Capucins est satur\u00e9 de <a href=\"https:\/\/www.laprovence.com\/article\/faits-divers-justice\/5804958729760415\/marseille-poursuivi-par-la-police-municipale-il-perd-son-scooter-avec-pres-de-4kg-de-drogue\" target=\"_blank\" rel=\"noopener\">policiers municipaux<\/a>, tandis que la tension retombe.<\/p>\n<p>Un vendeur de cigarettes \u00e0 la sauvette vient d\u2019agresser un forain, dont les coll\u00e8gues sont eux aussi mont\u00e9s au cr\u00e9neau. Redha a un atout de poids pour d\u00e9samorcer la situation et obtenir des renseignements\u00a0: il parle arabe. \u00ab\u00a0En deux secondes, il m\u2019a racont\u00e9 ce qu\u2019il s\u2019\u00e9tait pass\u00e9 et m\u2019a donn\u00e9 une description de l\u2019agresseur. Si je lui demande en fran\u00e7ais, personne n\u2019aura rien vu\u2026\u00a0\u00bb, glisse le chef de la section, un ancien chasseur alpin, pass\u00e9, comme beaucoup de ses coll\u00e8gues, par les rangs de la police nationale.<\/p>\n<p>Mais comme tous les policiers amen\u00e9s \u00e0 travailler dans le centre-ville de Marseille, ces agents savent qu\u2019\u00e0 <a href=\"https:\/\/www.laprovence.com\/article\/region\/1071370017730314\/marseille-a-noailles-les-policiers-municipaux-intensifient-la-lutte-contre-les-vendeurs-a-la-sauvette\" target=\"_blank\" rel=\"noopener\">Noailles<\/a>, une simple broutille peut soudain d\u00e9g\u00e9n\u00e9rer en bataille rang\u00e9e si elle n\u2019est pas d\u00e9samorc\u00e9e \u00e0 temps.<\/p>\n<p>50 \u00e0 80 interpellations chaque mois<\/p>\n<p>Juch\u00e9s sur des scooters de 300\u00a0cm\u00b3, les \u00ab\u00a0Cobra\u00a0\u00bb &#8211; leur indicatif radio &#8211; se d\u00e9ploient dans les moindres ruelles du centre-ville et rendent les refus d\u2019obtemp\u00e9rer moins ais\u00e9s. C\u2019\u00e9tait l\u2019id\u00e9e, en cr\u00e9ant la brigade il y a un an et demi. \u00ab\u00a0On interpelle et on met \u00e0 disposition de la police nationale entre 50 \u00e0 80 personnes chaque mois\u00a0\u00bb, explique Redha.<\/p>\n<p>Quelques heures plus t\u00f4t, \u00e0 l\u2019aube, pr\u00e8s de la porte d\u2019Aix, un chauffeur VTC a d\u2019ailleurs failli les percuter sur un contr\u00f4le avant d\u2019\u00eatre interpell\u00e9, sans permis, sous stups et en possession de 20 grammes de coca\u00efne et deux couteaux. Et le week-end, \u00e0 l\u2019heure o\u00f9 les \u00ab\u00a0Cobra\u00a0\u00bb d\u00e9marrent, les missions d\u00e9butent souvent par des rixes de sortie de bo\u00eete. Lundi dernier, ce sont eux qui ont interpell\u00e9 les agresseurs de la<a href=\"https:\/\/www.laprovence.com\/article\/faits-divers-justice\/25514987040753\/la-footballeuse-et-influenceuse-mexicaine-mercedes-roa-victime-dune-violente-agression-a-marseille\" target=\"_blank\" rel=\"noopener\"> footballeuse mexicaine Mercedes Roa<\/a>, prise \u00e0 partie \u00e0 l\u2019aube avec des amis.<\/p>\n<p>\u00ab\u00a0C\u2019est le lot du centre\u00a0\u00bb, sourit Redha, tandis qu\u2019un homme enti\u00e8rement nu est signal\u00e9 rue Saint-Ferr\u00e9ol. Mais alors que les \u00ab\u00a0Cobra\u00a0\u00bb rejoignent v\u00e9t\u00e9tistes et m\u00eame la <a href=\"https:\/\/www.laprovence.com\/article\/region\/1884209416785515\/video-ete-comme-hiver-a-marseille-la-brigade-maritime-municipale-veille-sur-les-plaisanciers\" target=\"_blank\" rel=\"noopener\">brigade maritime<\/a> sur les lieux du signalement, l\u2019exhibitionniste s\u2019est \u00e9vapor\u00e9. \u00ab\u00a0Il nous a demand\u00e9 de lui taper dans la main pour se rhabiller, se marre une passante en guise d\u2019explication. Alors on lui a tap\u00e9 dans la main.\u00a0\u00bb<\/p>\n","protected":false},"excerpt":{"rendered":"Ce matin de fin novembre, la patrouille de policiers municipaux \u00e0 scooter fait du porte-\u00e0-porte entre les rues&hellip;\n","protected":false},"author":2,"featured_media":614575,"comment_status":"","ping_status":"","sticky":false,"template":"","format":"standard","meta":{"footnotes":""},"categories":[2814],"tags":[17,1111,11,3335,1446,1777,674,274,72532,1011,27,1859,884,12,1072,882,25,6291],"class_list":{"0":"post-614574","1":"post","2":"type-post","3":"status-publish","4":"format-standard","5":"has-post-thumbnail","7":"category-marseille","8":"tag-17","9":"tag-actu","10":"tag-actualites","11":"tag-centre","12":"tag-dans","13":"tag-eu","14":"tag-europe","15":"tag-faits-divers-justice","16":"tag-fatale","17":"tag-fr","18":"tag-france","19":"tag-larme","20":"tag-marseille","21":"tag-news","22":"tag-police","23":"tag-provence-alpes-cote-dazur","24":"tag-republique-francaise","25":"tag-scooter"},"share_on_mastodon":{"url":"https:\/\/pubeurope.com\/@fr\/115759747165887069","error":""},"_links":{"self":[{"href":"https:\/\/www.europesays.com\/fr\/wp-json\/wp\/v2\/posts\/614574","targetHints":{"allow":["GET"]}}],"collection":[{"href":"https:\/\/www.europesays.com\/fr\/wp-json\/wp\/v2\/posts"}],"about":[{"href":"https:\/\/www.europesays.com\/fr\/wp-json\/wp\/v2\/types\/post"}],"author":[{"embeddable":true,"href":"https:\/\/www.europesays.com\/fr\/wp-json\/wp\/v2\/users\/2"}],"replies":[{"embeddable":true,"href":"https:\/\/www.europesays.com\/fr\/wp-json\/wp\/v2\/comments?post=614574"}],"version-history":[{"count":0,"href":"https:\/\/www.europesays.com\/fr\/wp-json\/wp\/v2\/posts\/614574\/revisions"}],"wp:featuredmedia":[{"embeddable":true,"href":"https:\/\/www.europesays.com\/fr\/wp-json\/wp\/v2\/media\/614575"}],"wp:attachment":[{"href":"https:\/\/www.europesays.com\/fr\/wp-json\/wp\/v2\/media?parent=614574"}],"wp:term":[{"taxonomy":"category","embeddable":true,"href":"https:\/\/www.europesays.com\/fr\/wp-json\/wp\/v2\/categories?post=614574"},{"taxonomy":"post_tag","embeddable":true,"href":"https:\/\/www.europesays.com\/fr\/wp-json\/wp\/v2\/tags?post=614574"}],"curies":[{"name":"wp","href":"https:\/\/api.w.org\/{rel}","templated":true}]}}