{"id":614578,"date":"2025-12-21T21:46:17","date_gmt":"2025-12-21T21:46:17","guid":{"rendered":"https:\/\/www.europesays.com\/fr\/614578\/"},"modified":"2025-12-21T21:46:17","modified_gmt":"2025-12-21T21:46:17","slug":"la-mere-suspectee-du-meurtre-de-son-fils-de-12-ans-hospitalisee-doffice-en-psychiatrie","status":"publish","type":"post","link":"https:\/\/www.europesays.com\/fr\/614578\/","title":{"rendered":"la m\u00e8re suspect\u00e9e du meurtre de son fils de 12 ans hospitalis\u00e9e d\u2019office en psychiatrie"},"content":{"rendered":"<p itemprop=\"description\"><strong>La proc\u00e9dure judiciaire \u00e9volue dans l\u2019affaire du drame familial survenu vendredi 19 d\u00e9cembre \u00e0 Lyon.<\/strong><\/p>\n<p>La garde \u00e0 vue de la m\u00e8re de famille, \u00e2g\u00e9e de 35 ans, suspect\u00e9e d\u2019avoir tu\u00e9 son fils de 12 ans, a \u00e9t\u00e9 lev\u00e9e. Selon le <a href=\"https:\/\/c.leprogres.fr\/faits-divers-justice\/2025\/12\/20\/la-mere-soupconnee-d-avoir-tue-son-fils-de-12-ans-internee-en-psychiatrie\" target=\"_blank\" rel=\"noopener\">Progr\u00e8s<\/a>, cette femme n\u00e9e\u00a0au S\u00e9n\u00e9gal\u00a0a \u00e9t\u00e9 intern\u00e9e en psychiatrie sous contrainte.<\/p>\n<p>Pour rappel, les faits se sont d\u00e9roul\u00e9s t\u00f4t le matin, dans un appartement du 8e arrondissement. C\u2019est la suspecte elle-m\u00eame qui a alert\u00e9 la police nationale vers 6 heures, reconnaissant avoir port\u00e9 des coups mortels \u00e0 son enfant,\u00a0pr\u00e9cise le quotidien r\u00e9gional. <\/p>\n<p>\u00c0 l\u2019arriv\u00e9e des forces de l\u2019ordre, la femme s\u2019est rendue sans opposer de r\u00e9sistance. Le corps du gar\u00e7on, atteint de handicap mental, a \u00e9t\u00e9 retrouv\u00e9 sans vie dans le salon du logement.<\/p>\n<p>Le d\u00e9c\u00e8s serait cons\u00e9cutif \u00e0 plusieurs coups de couteau port\u00e9s \u00e0 la gorge. Une autopsie doit \u00eatre r\u00e9alis\u00e9e ce lundi afin de d\u00e9terminer pr\u00e9cis\u00e9ment les causes de la mort.<\/p>\n<p>L\u2019enqu\u00eate\u00a0ouverte pour homicide volontaire sur mineur de 15 ans a \u00e9t\u00e9 confi\u00e9e \u00e0 la Direction de la criminalit\u00e9 territoriale (DCT).<\/p>\n","protected":false},"excerpt":{"rendered":"La proc\u00e9dure judiciaire \u00e9volue dans l\u2019affaire du drame familial survenu vendredi 19 d\u00e9cembre \u00e0 Lyon. La garde \u00e0&hellip;\n","protected":false},"author":2,"featured_media":614579,"comment_status":"","ping_status":"","sticky":false,"template":"","format":"standard","meta":{"footnotes":""},"categories":[1889],"tags":[1111,11,2813,2190,2430,1109,251,1112,2811,1777,674,118,1011,27,1922,1110,1114,2428,2810,12,241,316,25,2812,517,800],"class_list":{"0":"post-614578","1":"post","2":"type-post","3":"status-publish","4":"format-standard","5":"has-post-thumbnail","7":"category-lyon","8":"tag-actu","9":"tag-actualites","10":"tag-article","11":"tag-asvel","12":"tag-auvergne-rhone-alpes","13":"tag-breves","14":"tag-culture","15":"tag-depeches","16":"tag-economique","17":"tag-eu","18":"tag-europe","19":"tag-faits-divers","20":"tag-fr","21":"tag-france","22":"tag-info","23":"tag-informations","24":"tag-infos","25":"tag-lyon","26":"tag-lyonmag","27":"tag-news","28":"tag-ol","29":"tag-politique","30":"tag-republique-francaise","31":"tag-sociale","32":"tag-sport","33":"tag-transports"},"share_on_mastodon":{"url":"https:\/\/pubeurope.com\/@fr\/115759755256920516","error":""},"_links":{"self":[{"href":"https:\/\/www.europesays.com\/fr\/wp-json\/wp\/v2\/posts\/614578","targetHints":{"allow":["GET"]}}],"collection":[{"href":"https:\/\/www.europesays.com\/fr\/wp-json\/wp\/v2\/posts"}],"about":[{"href":"https:\/\/www.europesays.com\/fr\/wp-json\/wp\/v2\/types\/post"}],"author":[{"embeddable":true,"href":"https:\/\/www.europesays.com\/fr\/wp-json\/wp\/v2\/users\/2"}],"replies":[{"embeddable":true,"href":"https:\/\/www.europesays.com\/fr\/wp-json\/wp\/v2\/comments?post=614578"}],"version-history":[{"count":0,"href":"https:\/\/www.europesays.com\/fr\/wp-json\/wp\/v2\/posts\/614578\/revisions"}],"wp:featuredmedia":[{"embeddable":true,"href":"https:\/\/www.europesays.com\/fr\/wp-json\/wp\/v2\/media\/614579"}],"wp:attachment":[{"href":"https:\/\/www.europesays.com\/fr\/wp-json\/wp\/v2\/media?parent=614578"}],"wp:term":[{"taxonomy":"category","embeddable":true,"href":"https:\/\/www.europesays.com\/fr\/wp-json\/wp\/v2\/categories?post=614578"},{"taxonomy":"post_tag","embeddable":true,"href":"https:\/\/www.europesays.com\/fr\/wp-json\/wp\/v2\/tags?post=614578"}],"curies":[{"name":"wp","href":"https:\/\/api.w.org\/{rel}","templated":true}]}}