{"id":614580,"date":"2025-12-21T21:47:19","date_gmt":"2025-12-21T21:47:19","guid":{"rendered":"https:\/\/www.europesays.com\/fr\/614580\/"},"modified":"2025-12-21T21:47:19","modified_gmt":"2025-12-21T21:47:19","slug":"des-chutes-de-neige-annoncees-la-semaine-de-noel-dans-le-rhone-les-secteurs-concernes","status":"publish","type":"post","link":"https:\/\/www.europesays.com\/fr\/614580\/","title":{"rendered":"Des chutes de neige annonc\u00e9es la semaine de No\u00ebl dans le Rh\u00f4ne : les secteurs concern\u00e9s"},"content":{"rendered":"<p>                    Par<br \/>\n        <strong><br \/>\n            <a href=\"https:\/\/actu.fr\/auteur\/nicolas-zaugra\" title=\"Consulter tous les articles de Nicolas Zaugra\" target=\"_blank\" rel=\"noopener\">Nicolas Zaugra<\/a><br \/>\n                    <\/strong><\/p>\n<p>        Publi\u00e9 le<\/p>\n<p>            21 d\u00e9c. 2025 \u00e0 21h53        <\/p>\n<p>Un net refroidissement arrive sur le <a href=\"https:\/\/actu.fr\/auvergne-rhone-alpes\/rhone_69\" target=\"_blank\" rel=\"noopener\">Rh\u00f4ne<\/a> pour cette semaine de No\u00ebl apr\u00e8s de nombreux jours de <a href=\"https:\/\/actu.fr\/auvergne-rhone-alpes\/lyon_69123\/meteo-a-lyon-du-jamais-vu-un-temps-printanier-et-une-douceur-record-debut-decembre_63555623.html\" target=\"_blank\" rel=\"noopener\">douceur parfois record pour un mois de d\u00e9cembre<\/a>. M\u00e9t\u00e9o-France annonce du froid et de possibles chutes de <a href=\"https:\/\/actu.fr\/tag\/neige\" target=\"_blank\" rel=\"noopener\">neige<\/a> sur le d\u00e9partement et <a href=\"https:\/\/actu.fr\/auvergne-rhone-alpes\/lyon_69123\" target=\"_blank\" rel=\"noopener\">Lyon<\/a> pour le r\u00e9veillon de No\u00ebl jeudi 24 d\u00e9cembre.<\/p>\n<p class=\" wall-content\">\u00ab\u00a0Apr\u00e8s trois semaines de douceur marqu\u00e9e sur le territoire, un rafra\u00eechissement des temp\u00e9ratures se profile pour la semaine de No\u00ebl avec le positionnement d\u2019un anticyclone sur le nord de l\u2019Europe. dirigeant sur notre pays un flux de nord-est, beaucoup plus frais\u00a0\u00bb, selon <a href=\"https:\/\/actu.fr\/tag\/meteo-france\" target=\"_blank\" rel=\"noopener\">M\u00e9t\u00e9o-France<\/a>.<\/p>\n<p>Chute des temp\u00e9ratures dans la semaine<\/p>\n<p class=\" wall-content\">La journ\u00e9e de ce lundi 22 d\u00e9cembre, les temp\u00e9ratures dans le Rh\u00f4ne restent douces, entre 9 et 11\u00b0C dans l\u2019apr\u00e8s-midi. C\u2019est \u00e0 Lyon qui devrait faire 11\u00b0C dans la journ\u00e9e. Mais d\u00e8s mardi, une baisse plus nette est annonc\u00e9e avec 5 \u00e0 7\u00b0C l\u2019apr\u00e8s-midi sur le d\u00e9partement.\u00a0<\/p>\n<p class=\" wall-content\">Le 24 d\u00e9cembre, jour du r\u00e9veillon de No\u00ebl, le matin s\u2019annonce froid avec 1 \u00e0 4\u00b0C tout comme l\u2019apr\u00e8s-midi. Dans la nuit, des gel\u00e9es sont attendues dans les Monts du Lyonnais et les temp\u00e9ratures seront tout justes positives avec 1\u00b0C \u00e0 Lyon.\u00a0<\/p>\n<p class=\" wall-content\">A No\u00ebl, jeudi 25 d\u00e9cembre, les temp\u00e9ratures seront froides avec -1\u00b0C \u00e0 2\u00b0C en matin\u00e9e puis 3-4\u00b0C l\u2019apr\u00e8s-midi. Des temp\u00e9ratures n\u00e9gatives sont pr\u00e9vues par M\u00e9t\u00e9o-France dans le nord du Rh\u00f4ne et les Monts du Lyonnais.<\/p>\n<p>De la neige pour le r\u00e9veillon de No\u00ebl<\/p>\n<p class=\" wall-content\">Vers un No\u00ebl blanc cette ann\u00e9e ? De la neige en quantit\u00e9 assez faible est attendue le 24 d\u00e9cembre dans le Rh\u00f4ne.\u00a0<\/p>\n<p class=\" wall-content\">D\u00e8s le matin de ce mercredi, des flocons sont attendus dans le secteur de Saint-Symphorien-sur-Coize.\u00a0<\/p>\n<p>Votre r\u00e9gion, votre actu !<\/p>\n<p>Recevez chaque jour les infos qui comptent pour vous.<\/p>\n<p>\t<a href=\"https:\/\/actu.fr\/newsletter\" class=\"ac-btn ac-btn--corner ac-btn--medium ac-btn--blue800\" target=\"_blank\" rel=\"noopener\">S&rsquo;incrire<\/a><\/p>\n<p class=\" wall-content\">Dans la soir\u00e9e, des chutes de neige sont pr\u00e9vues \u00e0 Lyon, Saint-Symphorien-sur-Coize, Pusignan, l\u2019Arbresle.\u00a0<\/p>\n<p>    <img   decoding=\"async\" loading=\"lazy\" src=\"https:\/\/www.europesays.com\/fr\/wp-content\/uploads\/2025\/12\/capture-decran-2025-12-21-a-214520-960x640.png\" alt=\"De la neige est pr\u00e9vue dans certains secteurs le 24 d\u00e9cembre.\" width=\"960\" height=\"640\"\/><br \/>\n    De la neige est pr\u00e9vue dans certains secteurs le 24 d\u00e9cembre. (\u00a9M\u00e9t\u00e9o-France)<\/p>\n<p class=\" wall-content\">Dans la nuit de No\u00ebl, du mercredi au jeudi, M\u00e9t\u00e9o-France annonce aussi des flocons dans les secteurs de Lyon, Thizy, Saint-Symphorien-sur-Coize, L\u2019Arbresle, Pusignan, Soucieu-en-Jarrest et \u00e0 Vienne dans le Nord-Is\u00e8re.<\/p>\n<p>    <img   decoding=\"async\" loading=\"lazy\" src=\"https:\/\/www.europesays.com\/fr\/wp-content\/uploads\/2025\/12\/capture-decran-2025-12-21-a-214530-960x640.png\" alt=\"Des chutes de neige sont aussi attendues dans la nuit du 24 au 25 d\u00e9cembre dans le Rh\u00f4ne.\" width=\"960\" height=\"640\"\/><br \/>\n    Des chutes de neige sont aussi attendues dans la nuit du 24 au 25 d\u00e9cembre dans le Rh\u00f4ne. (\u00a9M\u00e9t\u00e9o-France)<\/p>\n<p class=\" wall-content\">Personnalisez votre actualit\u00e9 en ajoutant vos villes et m\u00e9dias en favori avec <a href=\"https:\/\/moncompte.actu.fr\" title=\"D\u00e9couvez Mon Actu\" rel=\"nofollow noopener\" data-trk=\"{&quot;cta&quot;:{&quot;action&quot;:&quot;https:\\\/\\\/moncompte.actu.fr&quot;,&quot;category&quot;:&quot;mon compte&quot;,&quot;from&quot;:&quot;article footer&quot;,&quot;name&quot;:&quot;Mon actu&quot;,&quot;type&quot;:&quot;cta&quot;}}\" target=\"_blank\">Mon Actu<\/a>.<\/p>\n","protected":false},"excerpt":{"rendered":"Par Nicolas Zaugra Publi\u00e9 le 21 d\u00e9c. 2025 \u00e0 21h53 Un net refroidissement arrive sur le Rh\u00f4ne pour&hellip;\n","protected":false},"author":2,"featured_media":614581,"comment_status":"","ping_status":"","sticky":false,"template":"","format":"standard","meta":{"footnotes":""},"categories":[1889],"tags":[1111,11,2430,1777,674,1011,27,2428,2487,2357,10584,12,25],"class_list":{"0":"post-614580","1":"post","2":"type-post","3":"status-publish","4":"format-standard","5":"has-post-thumbnail","7":"category-lyon","8":"tag-actu","9":"tag-actualites","10":"tag-auvergne-rhone-alpes","11":"tag-eu","12":"tag-europe","13":"tag-fr","14":"tag-france","15":"tag-lyon","16":"tag-meteo","17":"tag-meteo-france","18":"tag-neige","19":"tag-news","20":"tag-republique-francaise"},"share_on_mastodon":{"url":"https:\/\/pubeurope.com\/@fr\/115759759853273234","error":""},"_links":{"self":[{"href":"https:\/\/www.europesays.com\/fr\/wp-json\/wp\/v2\/posts\/614580","targetHints":{"allow":["GET"]}}],"collection":[{"href":"https:\/\/www.europesays.com\/fr\/wp-json\/wp\/v2\/posts"}],"about":[{"href":"https:\/\/www.europesays.com\/fr\/wp-json\/wp\/v2\/types\/post"}],"author":[{"embeddable":true,"href":"https:\/\/www.europesays.com\/fr\/wp-json\/wp\/v2\/users\/2"}],"replies":[{"embeddable":true,"href":"https:\/\/www.europesays.com\/fr\/wp-json\/wp\/v2\/comments?post=614580"}],"version-history":[{"count":0,"href":"https:\/\/www.europesays.com\/fr\/wp-json\/wp\/v2\/posts\/614580\/revisions"}],"wp:featuredmedia":[{"embeddable":true,"href":"https:\/\/www.europesays.com\/fr\/wp-json\/wp\/v2\/media\/614581"}],"wp:attachment":[{"href":"https:\/\/www.europesays.com\/fr\/wp-json\/wp\/v2\/media?parent=614580"}],"wp:term":[{"taxonomy":"category","embeddable":true,"href":"https:\/\/www.europesays.com\/fr\/wp-json\/wp\/v2\/categories?post=614580"},{"taxonomy":"post_tag","embeddable":true,"href":"https:\/\/www.europesays.com\/fr\/wp-json\/wp\/v2\/tags?post=614580"}],"curies":[{"name":"wp","href":"https:\/\/api.w.org\/{rel}","templated":true}]}}