{"id":614582,"date":"2025-12-21T21:49:14","date_gmt":"2025-12-21T21:49:14","guid":{"rendered":"https:\/\/www.europesays.com\/fr\/614582\/"},"modified":"2025-12-21T21:49:14","modified_gmt":"2025-12-21T21:49:14","slug":"quelles-perturbations-prevoir-pour-la-ratp-et-la-sncf-cette-semaine-56","status":"publish","type":"post","link":"https:\/\/www.europesays.com\/fr\/614582\/","title":{"rendered":"Quelles perturbations pr\u00e9voir pour la RATP et la SNCF cette semaine\u00a0?"},"content":{"rendered":"<p>Plusieurs perturbations sont attendues sur les lignes de transport de la capitale durant les f\u00eates de <a href=\"https:\/\/www.20minutes.fr\/noel\/\" class=\"c-link c-link--is-underlined\" target=\"_blank\" rel=\"noopener\">No\u00ebl<\/a>. Aussi bien \u00e0 Paris qu\u2019en \u00cele-de-France, la RATP et la SNCF annoncent des changements \u00e0 pr\u00e9voir du lundi\u00a022 au dimanche 28\u00a0d\u00e9cembre. Consultez-les ci-dessous.<\/p>\n<p>Les perturbations SNCF et RATP sur les lignes de transport parisiennes et franciliennes du 22 au 28\u00a0d\u00e9cembreM\u00e9tro<\/p>\n<ul>\n<li>Ligne 1\u00a0: samedi et dimanche, de 16 heures \u00e0 23h45, les acc\u00e8s \u00e0 la station Tuileries seront ferm\u00e9s.<\/li>\n<\/ul>\n<p>RER<\/p>\n<ul>\n<li>RER C\u00a0: dimanche 28\u00a0d\u00e9cembre, d\u00e8s 23h45, le trafic sera interrompu entre Paris Austerlitz et Dourdan\/Saint-Martin d\u2019Etampes. Des bus de remplacement seront mis en place. Jusqu\u2019au 11\u00a0janvier, l\u2019arr\u00eat ne sera pas desservi \u00e0 Issy vers Dourdan la For\u00eat, Saint-Martin d\u2019\u00c9tampes et Massy \u2013 Palaiseau (travaux). Le 25 d\u00e9cembre d\u00e8s 23h45, le trafic est interrompu entre Dourdan et Gare d\u2019Austerlitz, et entre Saint-Martin d\u2019\u00c9tampes et Gare d\u2019Austerlitz. Des bus de remplacement seront mis en place.<\/li>\n<li><a href=\"https:\/\/www.20minutes.fr\/dossier\/rer_d\" class=\"c-link c-link--is-underlined\" target=\"_blank\" rel=\"noopener\">RER D<\/a>\u00a0: du lundi\u00a022 au vendredi 26\u00a0d\u00e9cembre, d\u00e8s 23h35, le trafic sera interrompu entre Paris Gare du Nord et Creil. Des bus de remplacement seront mis en place (travaux sur le r\u00e9seau ferroviaire). Jusqu\u2019au 24\u00a0d\u00e9cembre, du lundi au vendredi d\u00e8s 23h30, le trafic sera interrompu entre Gare du Nord et Gare de Lyon (travaux). Vendredi 26\u00a0d\u00e9cembre, le trafic est interrompu entre <a href=\"https:\/\/www.20minutes.fr\/dossier\/gare_de_lyon\" class=\"c-link c-link--is-underlined\" target=\"_blank\" rel=\"noopener\">Gare de Lyon<\/a> et <a href=\"https:\/\/www.20minutes.fr\/dossier\/gare_du_nord\" class=\"c-link c-link--is-underlined\" target=\"_blank\" rel=\"noopener\">Gare du Nord<\/a> (travaux) d\u00e8s 23h30. Du 22\u00a0d\u00e9cembre au 28\u00a0d\u00e9cembre inclus, d\u00e8s 22h30, les arr\u00eats ne sont pas desservis \u00e0 Maisons-Alfort \u2013 Alfortville, Le Vert de Maisons, <a href=\"https:\/\/www.20minutes.fr\/dossier\/creteil\" class=\"c-link c-link--is-underlined\" target=\"_blank\" rel=\"noopener\">Cr\u00e9teil<\/a> Pompadour et Villeneuve Triage (travaux).<\/li>\n<\/ul>\n<p>Transilien<\/p>\n<ul>\n<li>Ligne J\u00a0: samedi\u00a027 et dimanche 28\u00a0d\u00e9cembre, d\u00e8s 22h40, des bus de remplacement seront mis en place entre Sartrouville et Les Mureaux et entre Sartrouville et Mantes la Jolie, avec desserte des gares interm\u00e9diaires (travaux). Du lundi\u00a022 au vendredi 26\u00a0d\u00e9cembre, sauf le 25\u00a0d\u00e9cembre, d\u00e8s 20h40, le trafic sera interrompu de Issou Porcheville vers Mantes la Jolie. Lundi et mardi, d\u00e8s 21h55, le trafic sera interrompu entre Conflans Sainte-Honorine et <a href=\"https:\/\/www.20minutes.fr\/dossier\/pontoise\" class=\"c-link c-link--is-underlined\" target=\"_blank\" rel=\"noopener\">Pontoise<\/a>.<\/li>\n<li>Ligne R\u00a0: lundi, mardi, mercredi et vendredi, \u00e0 partir de 23h45, le trafic est interrompu entre Moret \u2013 Veneux-les-Sablons et Montargis (travaux).<\/li>\n<\/ul>\n<p>Tramway<\/p>\n<ul>\n<li>T1\u00a0: le trafic sera interrompu entre <a href=\"https:\/\/www.20minutes.fr\/dossier\/asnieres\" class=\"c-link c-link--is-underlined\" target=\"_blank\" rel=\"noopener\">Asni\u00e8res<\/a> \u2013 Quatre Routes et Gare de Saint-Denis et perturb\u00e9 sur le reste de la ligne (d\u00e9gradation par un tiers \u00e0 L\u2019\u00cele-Saint-Denis). Une reprise est pr\u00e9vue \u00e0 l\u2019\u00e9t\u00e9\u00a02026.<\/li>\n<li>T2\u00a0: jusqu\u2019\u00e0 fin f\u00e9vrier\u00a02026, le trafic sera interrompu entre Porte de Versailles et Suzanne Lenglen (travaux).<\/li>\n<li>Pour rejoindre la Porte de Versailles, depuis Suzanne Lenglen, marchez jusqu\u2019\u00e0 la station Balard du T3a.<\/li>\n<\/ul>\n","protected":false},"excerpt":{"rendered":"Plusieurs perturbations sont attendues sur les lignes de transport de la capitale durant les f\u00eates de No\u00ebl. Aussi&hellip;\n","protected":false},"author":2,"featured_media":614583,"comment_status":"","ping_status":"","sticky":false,"template":"","format":"standard","meta":{"footnotes":""},"categories":[1592],"tags":[1111,11,1936,1777,674,1011,27,662,12,626,625,1306,25,13527,1937,1945,2215,1125],"class_list":{"0":"post-614582","1":"post","2":"type-post","3":"status-publish","4":"format-standard","5":"has-post-thumbnail","7":"category-ile-de-france","8":"tag-actu","9":"tag-actualites","10":"tag-essonne","11":"tag-eu","12":"tag-europe","13":"tag-fr","14":"tag-france","15":"tag-ile-de-france","16":"tag-news","17":"tag-paris","18":"tag-ratp","19":"tag-regions","20":"tag-republique-francaise","21":"tag-seine","22":"tag-seine-et-marne","23":"tag-seine-saint-denis","24":"tag-sncf","25":"tag-val-de-marne"},"share_on_mastodon":{"url":"","error":""},"_links":{"self":[{"href":"https:\/\/www.europesays.com\/fr\/wp-json\/wp\/v2\/posts\/614582","targetHints":{"allow":["GET"]}}],"collection":[{"href":"https:\/\/www.europesays.com\/fr\/wp-json\/wp\/v2\/posts"}],"about":[{"href":"https:\/\/www.europesays.com\/fr\/wp-json\/wp\/v2\/types\/post"}],"author":[{"embeddable":true,"href":"https:\/\/www.europesays.com\/fr\/wp-json\/wp\/v2\/users\/2"}],"replies":[{"embeddable":true,"href":"https:\/\/www.europesays.com\/fr\/wp-json\/wp\/v2\/comments?post=614582"}],"version-history":[{"count":0,"href":"https:\/\/www.europesays.com\/fr\/wp-json\/wp\/v2\/posts\/614582\/revisions"}],"wp:featuredmedia":[{"embeddable":true,"href":"https:\/\/www.europesays.com\/fr\/wp-json\/wp\/v2\/media\/614583"}],"wp:attachment":[{"href":"https:\/\/www.europesays.com\/fr\/wp-json\/wp\/v2\/media?parent=614582"}],"wp:term":[{"taxonomy":"category","embeddable":true,"href":"https:\/\/www.europesays.com\/fr\/wp-json\/wp\/v2\/categories?post=614582"},{"taxonomy":"post_tag","embeddable":true,"href":"https:\/\/www.europesays.com\/fr\/wp-json\/wp\/v2\/tags?post=614582"}],"curies":[{"name":"wp","href":"https:\/\/api.w.org\/{rel}","templated":true}]}}