{"id":614585,"date":"2025-12-21T21:51:12","date_gmt":"2025-12-21T21:51:12","guid":{"rendered":"https:\/\/www.europesays.com\/fr\/614585\/"},"modified":"2025-12-21T21:51:12","modified_gmt":"2025-12-21T21:51:12","slug":"paris-et-ile-de-france-quelles-perturbations-prevoir-pour-la-ratp-et-la-sncf-cette-semaine-5","status":"publish","type":"post","link":"https:\/\/www.europesays.com\/fr\/614585\/","title":{"rendered":"Paris et \u00cele-de-France : Quelles perturbations pr\u00e9voir pour la RATP et la SNCF cette semaine ?"},"content":{"rendered":"<p class=\"mb-4 text-lg md:leading-8 break-words\"><strong>TRANSPORTS &#8211; Du lundi 22 au dimanche 28 d\u00e9cembre, les vacances scolaires seront perturb\u00e9es par des changements sur les lignes de transport parisiennes et franciliennes<\/strong><\/p>\n<p class=\"mb-4 text-lg md:leading-8 break-words\">Plusieurs perturbations sont attendues sur les lignes de transport de la capitale durant les f\u00eates de <a href=\"https:\/\/www.20minutes.fr\/noel\/?at_medium=RSS%20feed&amp;at_campaign=ynews&amp;utm_source=yahoo&amp;utm_medium=rss&amp;utm_campaign=news_feed&amp;utm_content=in_article_link\" rel=\"nofollow noopener\" target=\"_blank\" data-ylk=\"slk:No\u00ebl;elm:context_link;itc:0;sec:content-canvas\" class=\"link \">No\u00ebl<\/a>. Aussi bien \u00e0 Paris qu\u2019en \u00cele-de-France, la RATP et la SNCF annoncent des changements \u00e0 pr\u00e9voir du lundi 22 au dimanche 28 d\u00e9cembre. Consultez-les ci-dessous.<\/p>\n<p>Les perturbations SNCF et RATP sur les lignes de transport parisiennes et franciliennes du 22 au 28 d\u00e9cembreM\u00e9tro<\/p>\n<ul class=\"mb-4\">\n<li class=\"ml-4 list-disc\">\n<p class=\"mb-4 text-lg md:leading-8 break-words\">Ligne 1 : samedi et dimanche, de 16 heures \u00e0 23h45, les acc\u00e8s \u00e0 la station Tuileries seront ferm\u00e9s.<\/p>\n<\/li>\n<\/ul>\n<p>RER<\/p>\n<ul class=\"mb-4\">\n<li class=\"ml-4 list-disc\">\n<p class=\"mb-4 text-lg md:leading-8 break-words\">RER C : dimanche 28 d\u00e9cembre, d\u00e8s 23h45, le trafic sera interrompu entre Paris Austerlitz et Dourdan\/Saint-Martin d\u2019Etampes. Des bus de remplacement seront mis en place. Jusqu\u2019au 11 janvier, l\u2019arr\u00eat ne sera pas desservi \u00e0 Issy vers Dourdan la For\u00eat, Saint-Martin d\u2019\u00c9tampes et Massy \u2013 Palaiseau (travaux). Le 25 d\u00e9cembre d\u00e8s 23h45, le trafic est interrompu entre Dourdan et Gare d\u2019Austerlitz, et entre Saint-Martin d\u2019\u00c9tampes et Gare d\u2019Austerlitz. Des bus de remplacement seront mis en place.<\/p>\n<\/li>\n<\/ul>\n<p>Publicit\u00e9<\/p>\n<p>Publicit\u00e9<\/p>\n<p>Publicit\u00e9<\/p>\n<p>Publicit\u00e9<\/p>\n<p class=\"mb-4 text-lg md:leading-8 break-words\">RER D : du lundi 22 au vendredi 26 d\u00e9cembre, d\u00e8s 23h35, le trafic sera interrompu entre Paris Gare du Nord et Creil. Des bus de remplacement seront mis en place (travaux sur le r\u00e9seau ferroviaire). Jusqu\u2019au 24 d\u00e9cembre, du lundi au vendredi d\u00e8s 23h30, le trafic sera interrompu entre Gare du Nord et Gare de Lyon (travaux). Vendredi 26 d\u00e9cembre, le trafic est interrompu entre Gare de Lyon et Gare du Nord (travaux) d\u00e8s 23h30. Du 22 d\u00e9cembre au 28 d\u00e9cembre inclus, d\u00e8s 22h30, les arr\u00eats ne sont pas desservis \u00e0 Maisons-Alfor(&#8230;)<\/p>\n<p class=\"mb-4 text-lg md:leading-8 break-words\"><a href=\"https:\/\/www.20minutes.fr\/paris\/4192639-20251221-paris-ile-france-perturbations-prevoir-ratp-sncf-semaine?at_medium=RSS%20feed&amp;at_campaign=ynews&amp;utm_source=yahoo&amp;utm_medium=rss&amp;utm_campaign=news_feed&amp;utm_content=read_more_link&quot;\" rel=\"nofollow noopener\" target=\"_blank\" data-ylk=\"slk:Lire la suite sur 20minutes;elm:context_link;itc:0;sec:content-canvas\" class=\"link \">Lire la suite sur 20minutes<\/a><\/p>\n<p>\u00c0 lire aussi :<br \/><a href=\"https:\/\/www.20minutes.fr\/politique\/4192359-20251219-ratp-xavier-piechaczyk-propose-succeder-jean-castex-emmanuel-macron?at_medium=RSS%20feed&amp;at_campaign=ynews&amp;utm_source=yahoo&amp;utm_medium=rss&amp;utm_campaign=news_feed&amp;utm_content=related_content_link\" rel=\"nofollow noopener\" target=\"_blank\" data-ylk=\"slk:RATP : Qui est Xavier Piechaczyk, propos\u00e9 pour succ\u00e9der \u00e0 Jean Castex par Emmanuel Macron ?;elm:context_link;itc:0;sec:content-canvas\" class=\"link \">RATP : Qui est Xavier Piechaczyk, propos\u00e9 pour succ\u00e9der \u00e0 Jean Castex par Emmanuel Macron ?<\/a><br \/><a href=\"https:\/\/www.20minutes.fr\/politique\/4192319-20251219-ratp-xavier-piechaczyk-patron-rte-choisi-emmanuel-macron-succeder-jean-castex?at_medium=RSS%20feed&amp;at_campaign=ynews&amp;utm_source=yahoo&amp;utm_medium=rss&amp;utm_campaign=news_feed&amp;utm_content=related_content_link\" rel=\"nofollow noopener\" target=\"_blank\" data-ylk=\"slk:RATP : Xavier Piechaczyk, patron de RTE, choisi par Emmanuel Macron pour succ\u00e9der \u00e0 Jean Castex;elm:context_link;itc:0;sec:content-canvas\" class=\"link \">RATP : Xavier Piechaczyk, patron de RTE, choisi par Emmanuel Macron pour succ\u00e9der \u00e0 Jean Castex<\/a><\/p>\n","protected":false},"excerpt":{"rendered":"TRANSPORTS &#8211; Du lundi 22 au dimanche 28 d\u00e9cembre, les vacances scolaires seront perturb\u00e9es par des changements sur&hellip;\n","protected":false},"author":2,"featured_media":614586,"comment_status":"","ping_status":"","sticky":false,"template":"","format":"standard","meta":{"footnotes":""},"categories":[1888],"tags":[1111,1928,11,1927,1777,674,1011,27,3338,14904,8931,12,1926,626,49291,1925,625,25,2215],"class_list":{"0":"post-614585","1":"post","2":"type-post","3":"status-publish","4":"format-standard","5":"has-post-thumbnail","7":"category-paris","8":"tag-actu","9":"tag-actu-paris","10":"tag-actualites","11":"tag-actualites-paris","12":"tag-eu","13":"tag-europe","14":"tag-fr","15":"tag-france","16":"tag-gare-de-lyon","17":"tag-gare-du-nord","18":"tag-lignes-de-transport","19":"tag-news","20":"tag-news-paris","21":"tag-paris","22":"tag-paris-gare-du-nord","23":"tag-paris-news","24":"tag-ratp","25":"tag-republique-francaise","26":"tag-sncf"},"share_on_mastodon":{"url":"https:\/\/pubeurope.com\/@fr\/115759774754358296","error":""},"_links":{"self":[{"href":"https:\/\/www.europesays.com\/fr\/wp-json\/wp\/v2\/posts\/614585","targetHints":{"allow":["GET"]}}],"collection":[{"href":"https:\/\/www.europesays.com\/fr\/wp-json\/wp\/v2\/posts"}],"about":[{"href":"https:\/\/www.europesays.com\/fr\/wp-json\/wp\/v2\/types\/post"}],"author":[{"embeddable":true,"href":"https:\/\/www.europesays.com\/fr\/wp-json\/wp\/v2\/users\/2"}],"replies":[{"embeddable":true,"href":"https:\/\/www.europesays.com\/fr\/wp-json\/wp\/v2\/comments?post=614585"}],"version-history":[{"count":0,"href":"https:\/\/www.europesays.com\/fr\/wp-json\/wp\/v2\/posts\/614585\/revisions"}],"wp:featuredmedia":[{"embeddable":true,"href":"https:\/\/www.europesays.com\/fr\/wp-json\/wp\/v2\/media\/614586"}],"wp:attachment":[{"href":"https:\/\/www.europesays.com\/fr\/wp-json\/wp\/v2\/media?parent=614585"}],"wp:term":[{"taxonomy":"category","embeddable":true,"href":"https:\/\/www.europesays.com\/fr\/wp-json\/wp\/v2\/categories?post=614585"},{"taxonomy":"post_tag","embeddable":true,"href":"https:\/\/www.europesays.com\/fr\/wp-json\/wp\/v2\/tags?post=614585"}],"curies":[{"name":"wp","href":"https:\/\/api.w.org\/{rel}","templated":true}]}}