{"id":614594,"date":"2025-12-21T21:56:30","date_gmt":"2025-12-21T21:56:30","guid":{"rendered":"https:\/\/www.europesays.com\/fr\/614594\/"},"modified":"2025-12-21T21:56:30","modified_gmt":"2025-12-21T21:56:30","slug":"les-etats-unis-poursuivent-un-troisieme-petrolier-pres-du-venezuela-selon-des-responsables","status":"publish","type":"post","link":"https:\/\/www.europesays.com\/fr\/614594\/","title":{"rendered":"Les \u00c9tats-Unis poursuivent un troisi\u00e8me p\u00e9trolier pr\u00e8s du Venezuela, selon des responsables"},"content":{"rendered":"<p>La Garde c\u00f4ti\u00e8re am\u00e9ricaine poursuit un p\u00e9trolier dans les eaux internationales au large du Venezuela, ont indiqu\u00e9 des responsables \u00e0 Reuters dimanche. Il s&rsquo;agirait de la deuxi\u00e8me telle op\u00e9ration ce week-end et de la troisi\u00e8me en moins de deux semaines en cas de succ\u00e8s.<\/p>\n<p>\u00ab\u00a0La Garde c\u00f4ti\u00e8re des \u00c9tats-Unis est actuellement \u00e0 la poursuite d&rsquo;un navire de la flotte sombre sanctionn\u00e9 qui participe \u00e0 l&rsquo;\u00e9vasion ill\u00e9gale des sanctions du Venezuela\u00a0\u00bb, a d\u00e9clar\u00e9 un responsable am\u00e9ricain. \u00ab\u00a0Il bat pavillon faux et fait l&rsquo;objet d&rsquo;une ordonnance de saisie judiciaire.\u00a0\u00bb<\/p>\n<p>Un autre responsable a indiqu\u00e9 que le p\u00e9trolier \u00e9tait sous sanctions, mais a ajout\u00e9 qu&rsquo;il n&rsquo;avait pas encore \u00e9t\u00e9 arraisonn\u00e9 et que les interceptions pouvaient prendre diff\u00e9rentes formes\u00a0: en naviguant ou en survolant des navires jug\u00e9s suspects.<\/p>\n<p>Les responsables, qui se sont exprim\u00e9s sous couvert d&rsquo;anonymat, n&rsquo;ont pas pr\u00e9cis\u00e9 la localisation exacte de l&rsquo;op\u00e9ration ni le nom du navire poursuivi. Le groupe britannique de gestion des risques maritimes Vanguard, ainsi qu&rsquo;une source am\u00e9ricaine de s\u00e9curit\u00e9 maritime, ont identifi\u00e9 le navire comme \u00e9tant le Bella 1, un transporteur de brut figurant sur la liste des sanctions du Tr\u00e9sor am\u00e9ricain.<\/p>\n<p>Selon TankerTrackers.com, le Bella 1 \u00e9tait vide lorsqu&rsquo;il approchait du Venezuela dimanche. Le navire avait en 2021 assur\u00e9 le transport du p\u00e9trole v\u00e9n\u00e9zu\u00e9lien vers la Chine, selon des documents internes de la soci\u00e9t\u00e9 \u00e9tatique PDVSA. Il avait \u00e9galement pr\u00e9c\u00e9demment transport\u00e9 du brut iranien, selon le service de suivi des navires.<\/p>\n<p><b>LA CAMPAGNE DE PRESSION DE TRUMP<\/b><\/p>\n<p>La Maison Blanche n&rsquo;a pas imm\u00e9diatement r\u00e9pondu \u00e0 une demande de commentaire dimanche.<\/p>\n<p>Le pr\u00e9sident am\u00e9ricain Donald Trump a annonc\u00e9 la semaine derni\u00e8re un \u00ab\u00a0blocus\u00a0\u00bb de tous les p\u00e9troliers sous sanctions entrant ou sortant du Venezuela.<\/p>\n<p>La campagne de pression de Trump contre le pr\u00e9sident v\u00e9n\u00e9zu\u00e9lien Nicolas Maduro s&rsquo;est traduite par un renforcement de la pr\u00e9sence militaire dans la r\u00e9gion et par plus de deux douzaines de frappes militaires contre des navires dans l&rsquo;oc\u00e9an Pacifique et la mer des Cara\u00efbes, au large de la nation sud-am\u00e9ricaine. Au moins 100 personnes ont \u00e9t\u00e9 tu\u00e9es lors de ces attaques.<\/p>\n<p>Les deux premiers p\u00e9troliers saisis op\u00e9raient sur le march\u00e9 noir et fournissaient du p\u00e9trole \u00e0 des pays sous sanctions, a d\u00e9clar\u00e9 Kevin Hassett, directeur du Conseil national \u00e9conomique de la Maison Blanche, lors d&rsquo;une interview t\u00e9l\u00e9vis\u00e9e dimanche.<\/p>\n<p>\u00ab\u00a0Je ne pense donc pas que les gens ici aux \u00c9tats-Unis doivent s&rsquo;inqui\u00e9ter d&rsquo;une hausse des prix \u00e0 cause de ces saisies de navires\u00a0\u00bb, a-t-il d\u00e9clar\u00e9 dans l&rsquo;\u00e9mission \u00ab\u00a0Face the Nation\u00a0\u00bb sur CBS. \u00ab\u00a0Il ne s&rsquo;agit que de quelques navires, et ils \u00e9taient sur le march\u00e9 noir.\u00a0\u00bb<\/p>\n<p>Mais un trader p\u00e9trolier a confi\u00e9 \u00e0 Reuters que ces saisies pourraient l\u00e9g\u00e8rement faire monter les prix du p\u00e9trole \u00e0 la reprise des \u00e9changes en Asie lundi.<\/p>\n<p>\u00ab\u00a0Nous pourrions observer une hausse mod\u00e9r\u00e9e des prix \u00e0 l&rsquo;ouverture, les acteurs du march\u00e9 pouvant consid\u00e9rer cela comme une escalade, avec davantage de barils v\u00e9n\u00e9zu\u00e9liens \u00e0 risque\u00a0\u00bb, a estim\u00e9 Giovanni Staunovo, analyste chez UBS, car le p\u00e9trolier intercept\u00e9 samedi n&rsquo;\u00e9tait pas sous sanctions am\u00e9ricaines.<\/p>\n<p>Un autre analyste a indiqu\u00e9 que ces saisies augmentent les risques g\u00e9opolitiques et sont susceptibles d&rsquo;accentuer les tensions au sein de la flotte de l&rsquo;ombre, ces navires qui transportent du p\u00e9trole en provenance de pays sanctionn\u00e9s comme le Venezuela, la Russie ou l&rsquo;Iran.<\/p>\n<p>Selon Matias Togni, analyste du transport p\u00e9trolier chez NextBarrel, ces saisies pourraient l\u00e9gitimer et encourager l&rsquo;Ukraine \u00e0 poursuivre ses attaques contre des navires russes, et peut-\u00eatre inciter l&rsquo;Europe \u00e0 d\u00e9tenir \u00e9galement des navires de la flotte sombre li\u00e9s \u00e0 Moscou.<\/p>\n","protected":false},"excerpt":{"rendered":"La Garde c\u00f4ti\u00e8re am\u00e9ricaine poursuit un p\u00e9trolier dans les eaux internationales au large du Venezuela, ont indiqu\u00e9 des&hellip;\n","protected":false},"author":2,"featured_media":2490,"comment_status":"","ping_status":"","sticky":false,"template":"","format":"standard","meta":{"footnotes":""},"categories":[1589],"tags":[11,340,73,1866,12,1864,1865,1863,308],"class_list":{"0":"post-614594","1":"post","2":"type-post","3":"status-publish","4":"format-standard","5":"has-post-thumbnail","7":"category-etats-unis","8":"tag-actualites","9":"tag-bourse","10":"tag-etats-unis","11":"tag-etats-unis-damerique","12":"tag-news","13":"tag-united-states","14":"tag-united-states-of-america","15":"tag-us","16":"tag-usa"},"share_on_mastodon":{"url":"https:\/\/pubeurope.com\/@fr\/115759794422968499","error":""},"_links":{"self":[{"href":"https:\/\/www.europesays.com\/fr\/wp-json\/wp\/v2\/posts\/614594","targetHints":{"allow":["GET"]}}],"collection":[{"href":"https:\/\/www.europesays.com\/fr\/wp-json\/wp\/v2\/posts"}],"about":[{"href":"https:\/\/www.europesays.com\/fr\/wp-json\/wp\/v2\/types\/post"}],"author":[{"embeddable":true,"href":"https:\/\/www.europesays.com\/fr\/wp-json\/wp\/v2\/users\/2"}],"replies":[{"embeddable":true,"href":"https:\/\/www.europesays.com\/fr\/wp-json\/wp\/v2\/comments?post=614594"}],"version-history":[{"count":0,"href":"https:\/\/www.europesays.com\/fr\/wp-json\/wp\/v2\/posts\/614594\/revisions"}],"wp:featuredmedia":[{"embeddable":true,"href":"https:\/\/www.europesays.com\/fr\/wp-json\/wp\/v2\/media\/2490"}],"wp:attachment":[{"href":"https:\/\/www.europesays.com\/fr\/wp-json\/wp\/v2\/media?parent=614594"}],"wp:term":[{"taxonomy":"category","embeddable":true,"href":"https:\/\/www.europesays.com\/fr\/wp-json\/wp\/v2\/categories?post=614594"},{"taxonomy":"post_tag","embeddable":true,"href":"https:\/\/www.europesays.com\/fr\/wp-json\/wp\/v2\/tags?post=614594"}],"curies":[{"name":"wp","href":"https:\/\/api.w.org\/{rel}","templated":true}]}}