{"id":614599,"date":"2025-12-21T21:59:13","date_gmt":"2025-12-21T21:59:13","guid":{"rendered":"https:\/\/www.europesays.com\/fr\/614599\/"},"modified":"2025-12-21T21:59:13","modified_gmt":"2025-12-21T21:59:13","slug":"leurope-finance-moscou-avance-la-libre","status":"publish","type":"post","link":"https:\/\/www.europesays.com\/fr\/614599\/","title":{"rendered":"L&rsquo;Europe finance, Moscou avance &#8211; La Libre"},"content":{"rendered":"<p><a href=\"https:\/\/www.lalibre.be\/belgique\/politique-belge\/2025\/12\/20\/avoirs-russes-bart-de-wever-a-gagne-ses-galons-dhomme-detat-UDISYCLHN5HGVLM4OQAT43B4S4\/\" target=\"_self\" class=\"ap-StoryInterstitialLink ap-StoryElement ap-StoryElement--mb js-paywall-target\" rel=\"noopener\">Avoirs russes : Bart De Wever a gagn\u00e9 ses galons d&rsquo;homme d&rsquo;\u00c9tat<\/a><\/p>\n<p class=\"ap-StoryElement ap-StoryElement--mb ap-StoryText\">L&rsquo;illusion d&rsquo;une solution diplomatique rapide rel\u00e8ve d\u00e9sormais de l&rsquo;aveuglement. Moscou poursuit un projet clair depuis longtemps : subordonner <a href=\"https:\/\/www.lalibre.be\/international\/europe\/guerre-ukraine-russie\/\" target=\"_self\" rel=\"noopener\">l&rsquo;Ukraine<\/a>, d\u00e9manteler l&rsquo;Union europ\u00e9enne, fracturer l&rsquo;Otan, et imposer l&rsquo;id\u00e9e d&rsquo;un Occident en d\u00e9clin. Les mots du Kremlin ne laissent aucune ambigu\u00eft\u00e9. L&rsquo;Ukraine est un champ de bataille, l&rsquo;Europe la cible strat\u00e9gique.<\/p>\n<p class=\"ap-StoryElement ap-StoryElement--mb ap-StoryText\">Dans ce contexte, l&rsquo;accord europ\u00e9en ne peut \u00eatre ni un geste compassionnel ni une perfusion sans horizon. Il doit \u00eatre compris pour ce qu&rsquo;il est : un instrument de dissuasion indirecte. Soutenir l&rsquo;Ukraine n&rsquo;est pas prolonger la guerre par principe ; c&rsquo;est emp\u00eacher qu&rsquo;elle ne se d\u00e9place demain vers les \u00c9tats baltes, la Moldavie, la Pologne ou la Finlande. Les services de renseignement europ\u00e9ens, <a href=\"https:\/\/www.lalibre.be\/international\/europe\/2025\/12\/11\/nous-sommes-la-prochaine-cible-de-la-russie-le-secretaire-general-de-lotan-alerte-en-pointant-du-doigt-plusieurs-pays-europeens-ZF5CWULH55DQXK3Z5VTZ55NGU4\/\" target=\"_self\" rel=\"noopener\">l&rsquo;Otan<\/a>, les chercheurs le disent sans d\u00e9tour : la confrontation est appel\u00e9e \u00e0 durer, et l&rsquo;option militaire directe reste, pour Moscou, une hypoth\u00e8se structurante \u00e0 l&rsquo;horizon de la d\u00e9cennie.<\/p>\n<p><a href=\"https:\/\/www.lalibre.be\/debats\/edito\/2025\/12\/19\/leurope-a-fait-ce-quelle-devait-faire-comme-elle-devait-le-faire-4JK3KNKB4JAPVIYKD5UHNXIXMM\/\" target=\"_self\" class=\"ap-StoryInterstitialLink ap-StoryElement ap-StoryElement--mb\" rel=\"noopener\">L&rsquo;Europe a fait ce qu&rsquo;elle devait faire, comme elle devait le faire<\/a><\/p>\n<p class=\"ap-StoryElement ap-StoryElement--mb ap-StoryText\">La responsabilit\u00e9 morale de l&rsquo;Europe n&rsquo;est donc pas de h\u00e2ter une paix illusoire, mais d&rsquo;\u00e9viter une d\u00e9faite strat\u00e9gique. Cela implique de rompre avec une culture du compromis mal compris. Aider l&rsquo;Ukraine, oui \u2014 mais pour stabiliser un rapport de force, non pour entretenir l&rsquo;illusion que la bonne volont\u00e9 suffira. La paix ne viendra pas d&rsquo;un ch\u00e8que. Elle viendra d&rsquo;une Europe capable de se penser comme puissance, de pousser l&rsquo;axe diplomatique et de retrouver une place \u00e0 la table des <a href=\"https:\/\/www.lalibre.be\/international\/europe\/guerre-ukraine-russie\/2025\/12\/05\/il-est-possible-que-les-etats-unis-trahissent-lukraine-un-appel-confidentiel-revele-la-mefiance-europeenne-envers-les-negociateurs-de-donald-trump-ASVKXSPYFBAELNRZUYIUDTSREQ\/\" target=\"_self\" rel=\"noopener\">discussions avec les \u00c9tats-Unis<\/a>.<\/p>\n<p class=\"ap-StoryElement ap-StoryElement--mb ap-StoryText\">L&rsquo;Union a gagn\u00e9 une bataille de lucidit\u00e9 juridique. Elle n&rsquo;a pas encore gagn\u00e9 celle de la strat\u00e9gie. Ni n&rsquo;est encore capable de mettre fin \u00e0 la guerre tout court.<\/p>\n","protected":false},"excerpt":{"rendered":"Avoirs russes : Bart De Wever a gagn\u00e9 ses galons d&rsquo;homme d&rsquo;\u00c9tat L&rsquo;illusion d&rsquo;une solution diplomatique rapide rel\u00e8ve&hellip;\n","protected":false},"author":2,"featured_media":614600,"comment_status":"","ping_status":"","sticky":false,"template":"","format":"standard","meta":{"footnotes":""},"categories":[1586],"tags":[11,1777,674,1011,27,1227,12,25],"class_list":{"0":"post-614599","1":"post","2":"type-post","3":"status-publish","4":"format-standard","5":"has-post-thumbnail","7":"category-europe","8":"tag-actualites","9":"tag-eu","10":"tag-europe","11":"tag-fr","12":"tag-france","13":"tag-horizontal","14":"tag-news","15":"tag-republique-francaise"},"share_on_mastodon":{"url":"https:\/\/pubeurope.com\/@fr\/115759806562287365","error":""},"_links":{"self":[{"href":"https:\/\/www.europesays.com\/fr\/wp-json\/wp\/v2\/posts\/614599","targetHints":{"allow":["GET"]}}],"collection":[{"href":"https:\/\/www.europesays.com\/fr\/wp-json\/wp\/v2\/posts"}],"about":[{"href":"https:\/\/www.europesays.com\/fr\/wp-json\/wp\/v2\/types\/post"}],"author":[{"embeddable":true,"href":"https:\/\/www.europesays.com\/fr\/wp-json\/wp\/v2\/users\/2"}],"replies":[{"embeddable":true,"href":"https:\/\/www.europesays.com\/fr\/wp-json\/wp\/v2\/comments?post=614599"}],"version-history":[{"count":0,"href":"https:\/\/www.europesays.com\/fr\/wp-json\/wp\/v2\/posts\/614599\/revisions"}],"wp:featuredmedia":[{"embeddable":true,"href":"https:\/\/www.europesays.com\/fr\/wp-json\/wp\/v2\/media\/614600"}],"wp:attachment":[{"href":"https:\/\/www.europesays.com\/fr\/wp-json\/wp\/v2\/media?parent=614599"}],"wp:term":[{"taxonomy":"category","embeddable":true,"href":"https:\/\/www.europesays.com\/fr\/wp-json\/wp\/v2\/categories?post=614599"},{"taxonomy":"post_tag","embeddable":true,"href":"https:\/\/www.europesays.com\/fr\/wp-json\/wp\/v2\/tags?post=614599"}],"curies":[{"name":"wp","href":"https:\/\/api.w.org\/{rel}","templated":true}]}}