{"id":614615,"date":"2025-12-21T22:13:11","date_gmt":"2025-12-21T22:13:11","guid":{"rendered":"https:\/\/www.europesays.com\/fr\/614615\/"},"modified":"2025-12-21T22:13:11","modified_gmt":"2025-12-21T22:13:11","slug":"cyclo-cross-de-breches-classements-actualite","status":"publish","type":"post","link":"https:\/\/www.europesays.com\/fr\/614615\/","title":{"rendered":"Cyclo-cross de Br\u00e8ches : Classements &#8211; Actualit\u00e9"},"content":{"rendered":"<p>Quentin Du Mouza (Team CX Chartres) a remport\u00e9, ce dimanche, le cyclo-cross de Br\u00e8ches-Souvenir Pascal Herv\u00e9 (Indre-et-Loire), une \u00e9preuve organis\u00e9e par le VS Neuill\u00e9-Pont-Pierre. Il a devanc\u00e9 Vincent Limoges (C&rsquo;Chartres Cyclisme) et Benjamin Soulard (P\u00f4le Cyclisme Saumurois).<\/p>\n<p>Quentin Du Mouza se succ\u00e8de \u00e0 lui-m\u00eame au palmar\u00e8s.<\/p>\n<p><strong>Classements :<\/strong><br \/><strong>S\u00e9niors et U23<\/strong><br \/>1. DU MOUZA Quentin TEAM CX CHARTRES Open 1 U23-4 en 53&rsquo;30\u00a0\u00bb<br \/>2. LIMOGES Vincent C&rsquo;CHARTRES CYCLISME Open 2 \u00e0 2&rsquo;20\u00a0\u00bb<br \/>3. SOULARD Benjamin POLE CYCLISME SAUMUROIS Access 2\u00a0<br \/>4. RAME Charlie Internet ACCESS 2\u00a0<br \/>5. HERVE Romuald VC PAYS DE LOUDEAC Open 1 U23-1<br \/>6. PORTRETS Julien AAJ BLOIS CYCLISME Open 3 U23-2<br \/>7. BERITAULT Jeremy VC THOUARS Access 2\u00a0<br \/>8. NICOLAS Wilfried MELUN CYCL. ORGANISATION Access 1\u00a0<br \/>9. FAVREAU Fr\u00e9d\u00e9ric US ST PIERRE DES CORPS Access 3\u00a0<br \/>10. MARTEAU Willy VS NEUILLE PONT PIERRE Access 2\u00a0<br \/>11. DUBOURG Quentin ACV BALLAN MIRE Access 2\u00a0<br \/>12. MALASSIGN\u00c9 Guillaume \u00a0AS MONTLOUIS CYCLISME Access 3 \u00a0<br \/>13. BOUDEVIN J\u00e9r\u00f4me AS DE FONDETTES VTT Access 3\u00a0<br \/>14. D&rsquo;HERIN Michel UC JOUE LES TOURS Access 4\u00a0<br \/>15. LECLERCQ Damien VS NEUILLE PONT PIERRE Access 2\u00a0<br \/>16. BRIAND S\u00e9bastien ACV BALLAN MIRE Access 3\u00a0<br \/>17. ROUSSDEAU Jawen US ST PIERRE DES CORPS ACCESS 2\u00a0<br \/>18. DERLAND Philippe VINEUIL SPORTS Access 3\u00a0<br \/>19. LEBOUGRE Henri VINEUIL SPORTS Access 4\u00a0<br \/>20. LAROCHE Mathieu VS NEUILLE PONT PIERRE Access 2\u00a0<br \/>21. DELHUMEAU Laurent SCO CYCLISME ANGERS Access 4\u00a0<br \/>22. BARANGER Geoffrey VS NEUILLE PONT PIERRE Access 2\u00a0<br \/>23. PASQUIER Nicolas VS NEUILLE PONT PIERRE Access 2\u00a0<br \/>24. KERAIN Loann BRETTE SPORTIF Access 1 U23-2<br \/>25. CHAUVIN Baptiste UC AMBOISE NAZELLES NEGRON \u00a0Access 1 \u00a0U23-3<br \/>26. TREMBLAY Gregory COP&rsquo;S CIVRAY CYCLING Access 3\u00a0<br \/>27. MASS\u00c9 Julien US ST PIERRE DES CORPS Access 3\u00a0<br \/>28. DESMONS Aur\u00e9lien UC AMBOISE NAZELLES NEGRON \u00a0Access 2 \u00a0<br \/>29. NIETO Joselito UC AMBOISE NAZELLES NEGRON \u00a0Access 3 \u00a0<br \/>30. VEZON Jean Luc VINEUIL SPORTS Access 4\u00a0<br \/>31. GERVAIS Gilles VINEUIL SPORTS Access 4\u00a0<\/p>\n<p><strong>U19 et F\u00e9minines<\/strong><br \/>1. COURCIER Ma\u00ebl C&rsquo;CHARTRES CYCLISME U17 U19-1 en 43&rsquo;20\u00a0\u00bb<br \/>2. ANDRIEUX Nino US ST PIERRE DES CORPS U17 U19-1\u00a0<br \/>3. CAREME Pierre US ST PIERRE DES CORPS Open 2 U19-2\u00a0<br \/>4. PAINEAU M\u00e9lanie US ST PIERRE DES CORPS Access 3\u00a0<br \/>5. GERVAIS Sophie VINEUIL SPORTS Access 3 U23-1\u00a0<\/p>\n<p><strong>U17<\/strong><br \/>1. PIBALEAU K\u00e9lian US ST PIERRE DES CORPS U17-2 en 31&rsquo;22\u00a0\u00bb<br \/>2. BOUCHERIE Ga\u00ebl AS MONTLOUIS CYCLISME U17-2\u00a0<br \/>3. MASSE Cl\u00e9ment US ST PIERRE DES CORPS U17-1\u00a0<br \/>4. CABANEL Elie US ST PIERRE DES CORPS U17-1\u00a0<br \/>5. CHAUVEAU Titouan VS NEUILLE PONT PIERRE U17-1\u00a0<br \/>6. ANDRIEUX Malou US ST PIERRE DES CORPS DAME U17-1\u00a0<\/p>\n<p><strong>U15<\/strong><br \/>1. MOREAU Ewen ORL\u00c9ANS LOIRET CYCLISME en 20&rsquo;18\u00a0\u00bb<br \/>2. NIETO Victor UC AMBOISE NAZELLES-N\u00c9GRON\u00a0<br \/>3. PICHON Manoa ESC CHAMPAGN\u00c9<br \/>4. MOLINES Lucas CC SAINT-MARTINOIS \u00a0<br \/>5. PIG\u00c9 Cl\u00e9mentine CH\u00c2TEAUROUX M\u00c9TROPOLE CYCLISME\u00a0<br \/>6. LIMOGES Paola TEAM VALL\u00c9E DU CHER 41<\/p>\n<p><strong>U13<\/strong><br \/>1. NICOLAS Sacha EC SY CYRIENNE U13 en 15&rsquo;45\u00a0\u00bb<br \/>2. GASPAROUX L\u00e9opold US ST PIERRE DES CORPS U13-1\u00a0<br \/>3. COUTOULY Sandro VC MASSY PALAISEAU BC U13-1\u00a0<br \/>4. BOUCHERIE Yann AS MONTLOUIS CYCLISME U13-1\u00a0<br \/>5. ROSA Paul AS MONTLOUIS CYCLISME U13-2\u00a0<br \/>6. LAMBERT Arthur POLE CYCLISME SAUMUROIS U13-1\u00a0<br \/>7. LETOURNEAU Tolgan LE MANS SARTHE VELO U13-2\u00a0<br \/>8. ROUSSAT HERMENAULT Thomas US ST PIERRE DES CORPS U13-1\u00a0<br \/>9. AVELINE DENIOT Milann UC AMBOISE NAZELLES NEGRON U13-2\u00a0<br \/>10. BERTOUX Mattia AS MONTLOUIS CYCLISME U13-2<\/p>\n<p><strong>U11<\/strong><br \/>1. PIG\u00c9 Louison CHATEAUROUX METROPOLE CYCLISME U11-1 en 9&rsquo;15\u00a0\u00bb<br \/>2. PARIS Marceau ST VINCENT LUCE BERCE CYCLISTE U11-2<br \/>3. PASSELAIGUE Martin LE MANS SARTHE VELO U11-1\u00a0<br \/>4. MAHIER Louis US ST PIERRE DES CORPS U11-1\u00a0<br \/>5. LAFARGE Cl\u00e9ment VS MONNAIE U11-2\u00a0<br \/>6. DUC Alexandre C&rsquo;CHARTRES CYCLISME U11-2\u00a0<br \/>7. VILLEQUENAULT Noe POLE CYCLISME SAUMUROIS U11-2\u00a0<br \/>8. ROSA Maxime AS MONTLOUIS CYCLISME U11-1\u00a0<br \/>9. SERVAIS Axel LE MANS SARTHE VELO U11-2\u00a0<br \/>10. DUFRESNE Owen ST VINCENT LUCE BERCE CYCLISTE U11-1\u00a0<br \/>11. PASCAL Lison AS MONTLOUIS CYCLISME DAME U11-2\u00a0<br \/>12. GADIN Cl\u00e9ment AZAY BMX CLUB U11-2\u00a0<\/p>\n<p><strong>U9<\/strong><br \/>1. COUTOULY Andr\u00e9as VC MASSY PALAISEAU BC U9-2 06:30<br \/>2. DELAMARCHE Louis UC AMBOISE NAZELLES NEGRON U9-2 00:01<br \/>3. LEGROS No\u00e9 BMX JOUE LES TOURS 0:00:02<br \/>4. TABAREAU Victor UC MONTOIRE U9-2 \u00a0\u00bb<br \/>5. CORMIER Julian AAJ BLOIS CYCLISME U9-2 \u00a0\u00bb<br \/>6. AUBERT Titouan AAJ BLOIS CYCLISME U7 U9-1 \u00a0\u00bb<br \/>7. MACHEFER Augustin CS CHINONAIS U7 U9-1 \u00a0\u00bb<br \/>8. LAMBERT Louise POLE CYCLISME SAUMUROIS DAME U9-2 \u00a0\u00bb<br \/>9. VEE GARCIA Marvyn VS MONNAIE U9-2 \u00a0\u00bb<br \/>10. GIVERT S\u00f6ren VS MONNAIE U9-2 \u00a0\u00bb<\/p>\n<p><strong>U7<\/strong><br \/>1. MAHIER Lucas US ST PIERRE DES CORPS U7-2 en 3&rsquo;00\u00a0\u00bb<br \/>2. CROISET Eliott VS MONNAIE U7-2 00:01<br \/>3. PASSELAIGUE Simon LE MANS SARTHE VELO U7-1 00:02<\/p>\n","protected":false},"excerpt":{"rendered":"Quentin Du Mouza (Team CX Chartres) a remport\u00e9, ce dimanche, le cyclo-cross de Br\u00e8ches-Souvenir Pascal Herv\u00e9 (Indre-et-Loire), une&hellip;\n","protected":false},"author":2,"featured_media":614616,"comment_status":"","ping_status":"","sticky":false,"template":"","format":"standard","meta":{"footnotes":""},"categories":[1411],"tags":[834,828,836,829,837,827,83,826,824,823,1154,207,814,817,815,816,822,821,832,211,839,1011,27,820,818,819,835,831,830,833,838,60,212,208,825],"class_list":{"0":"post-614615","1":"post","2":"type-post","3":"status-publish","4":"format-standard","5":"has-post-thumbnail","7":"category-cyclisme","8":"tag-attaque","9":"tag-belgique","10":"tag-braquet","11":"tag-bretagne","12":"tag-chute","13":"tag-competition","14":"tag-coupe-de-france","15":"tag-coureur","16":"tag-course-cyclisme","17":"tag-course-cycliste","18":"tag-cycling","19":"tag-cyclisme","20":"tag-direct","21":"tag-direct-velo","22":"tag-directvelo","23":"tag-directvelo-com","24":"tag-epreuve","25":"tag-epreuve-cycliste","26":"tag-federation-francaise-de-cyclisme","27":"tag-ffc","28":"tag-flandres","29":"tag-fr","30":"tag-france","31":"tag-live","32":"tag-live-course","33":"tag-live-epreuve","34":"tag-peloton","35":"tag-radio-peloton","36":"tag-radio-tour","37":"tag-ravitaillement","38":"tag-relance","39":"tag-sports","40":"tag-uci","41":"tag-velo","42":"tag-velos"},"share_on_mastodon":{"url":"https:\/\/pubeurope.com\/@fr\/115759861328258438","error":""},"_links":{"self":[{"href":"https:\/\/www.europesays.com\/fr\/wp-json\/wp\/v2\/posts\/614615","targetHints":{"allow":["GET"]}}],"collection":[{"href":"https:\/\/www.europesays.com\/fr\/wp-json\/wp\/v2\/posts"}],"about":[{"href":"https:\/\/www.europesays.com\/fr\/wp-json\/wp\/v2\/types\/post"}],"author":[{"embeddable":true,"href":"https:\/\/www.europesays.com\/fr\/wp-json\/wp\/v2\/users\/2"}],"replies":[{"embeddable":true,"href":"https:\/\/www.europesays.com\/fr\/wp-json\/wp\/v2\/comments?post=614615"}],"version-history":[{"count":0,"href":"https:\/\/www.europesays.com\/fr\/wp-json\/wp\/v2\/posts\/614615\/revisions"}],"wp:featuredmedia":[{"embeddable":true,"href":"https:\/\/www.europesays.com\/fr\/wp-json\/wp\/v2\/media\/614616"}],"wp:attachment":[{"href":"https:\/\/www.europesays.com\/fr\/wp-json\/wp\/v2\/media?parent=614615"}],"wp:term":[{"taxonomy":"category","embeddable":true,"href":"https:\/\/www.europesays.com\/fr\/wp-json\/wp\/v2\/categories?post=614615"},{"taxonomy":"post_tag","embeddable":true,"href":"https:\/\/www.europesays.com\/fr\/wp-json\/wp\/v2\/tags?post=614615"}],"curies":[{"name":"wp","href":"https:\/\/api.w.org\/{rel}","templated":true}]}}