{"id":614619,"date":"2025-12-21T22:15:14","date_gmt":"2025-12-21T22:15:14","guid":{"rendered":"https:\/\/www.europesays.com\/fr\/614619\/"},"modified":"2025-12-21T22:15:14","modified_gmt":"2025-12-21T22:15:14","slug":"cindy-bruna-sest-mariee-christina-milian-presente-pour-son-amie-matt-pokora-grand-absent-mais-excuse","status":"publish","type":"post","link":"https:\/\/www.europesays.com\/fr\/614619\/","title":{"rendered":"Cindy Bruna s\u2019est mari\u00e9e : Christina Milian pr\u00e9sente pour son amie, Matt Pokora, grand absent mais excus\u00e9"},"content":{"rendered":"<p><a href=\"https:\/\/www.closermag.fr\/people\/je-faisais-semblant-cindy-bruna-s-effondre-en-evoquant-les-violences-conjugales-dont-elle-a-ete-victime-1598369\" target=\"_blank\" rel=\"noopener\"><br \/>\nCindy Bruna, qui a v\u00e9cu des violences conjugales<\/a>, a v\u00e9cu l\u2019un<br \/>\ndes moments les plus <strong>forts<\/strong> de sa vie personnelle.<br \/>\nLe mannequin fran\u00e7ais a dit <strong>oui<\/strong> \u00e0 son compagnon<br \/>\n<strong>Blondy Baruti<\/strong> lors d\u2019un <strong>mariage<br \/>\nhivernal<\/strong> c\u00e9l\u00e9br\u00e9 le 20 d\u00e9cembre 2025 dans une \u00e9glise<br \/>\nbaign\u00e9e <strong>d\u2019\u00e9motion<\/strong>. Une c\u00e9r\u00e9monie <strong>intime et<br \/>\n\u00e9l\u00e9gante,<\/strong> \u00e0 l\u2019image de la jeune femme, qui a choisi de<br \/>\ns\u2019unir \u00e0 l\u2019homme de sa vie dans un cadre profond\u00e9ment<br \/>\n<strong>symbolique<\/strong>. Elle \u00e9tait entour\u00e9e de ses<br \/>\n<strong>proches<\/strong> et de quelques<br \/>\n<strong>personnalit\u00e9s<\/strong> venues partager son bonheur.<\/p>\n<p>Parmi les invit\u00e9s de marque, <strong>Christina Milian a tenu \u00e0<br \/>\n\u00eatre pr\u00e9sente pour soutenir son amie de longue date.<\/strong> Tr\u00e8s<br \/>\n\u00e9mue, la chanteuse am\u00e9ricaine n\u2019a pas h\u00e9sit\u00e9 \u00e0 partager plusieurs<br \/>\n<strong>images<\/strong> de la c\u00e9r\u00e9monie sur ses r\u00e9seaux sociaux,<br \/>\noffrant un aper\u00e7u <strong>rare<\/strong> de cet \u00e9v\u00e9nement. En<br \/>\nrevanche, son mari, <strong>Matt Pokora, n\u2019a pas pu assister \u00e0 la<br \/>\nnoce<\/strong>. Un <strong>absent<\/strong> remarqu\u00e9\u2026mais largement<br \/>\n<strong>excus\u00e9.<\/strong><\/p>\n<p>Cindy Bruna : un mariage hivernal plac\u00e9 sous le signe de<br \/>\nl\u2019\u00e9motion<\/p>\n<p>C\u2019est dans une atmosph\u00e8re <strong>solennelle et<br \/>\nchaleureuse<\/strong> que Cindy Bruna et Blondy Baruti ont \u00e9chang\u00e9<br \/>\nleurs <strong>v\u0153ux<\/strong>. Les images diffus\u00e9es sur<br \/>\nInstagram par Christina Milian t\u00e9moignent d\u2019un moment<br \/>\nd\u2019une grande <strong>intensit\u00e9<\/strong>, marqu\u00e9 par la<br \/>\n<strong>foi<\/strong> et <strong>l\u2019amour<\/strong>. En l\u00e9gende d\u2019une<br \/>\n<strong>vid\u00e9o<\/strong> capturant l\u2019instant cl\u00e9 de la c\u00e9r\u00e9monie, la<br \/>\nchanteuse a simplement \u00e9crit : \u2018\u2018<strong>Go Cindy and Blondy<br \/>\n!<\/strong>\u2019\u2019, laissant transpara\u00eetre sa <strong>joie<\/strong><br \/>\net son <strong>\u00e9motion<\/strong> face \u00e0 l\u2019union du couple.<\/p>\n<p>Ce mariage a \u00e9galement \u00e9t\u00e9 l\u2019occasion pour <a href=\"https:\/\/www.closermag.fr\/people\/je-suis-une-vraie-bete-aux-cotes-de-matt-pokora-christina-milian-ose-une-confidence-intime-sur-son-couple-3596269\" target=\"_blank\" rel=\"noopener\"><br \/>\nChristina Milian, qui a fait une confidence intime sur Matt<br \/>\nPokora<\/a>, de vivre un autre moment tr\u00e8s<br \/>\n<strong>personnel<\/strong>. Pr\u00e9sente <strong>sans son<br \/>\n\u00e9poux<\/strong>, elle a retrouv\u00e9 <strong>plusieurs amis proches dont<br \/>\nle mannequin Rose Bertram.<\/strong> La star am\u00e9ricaine a surtout<br \/>\n<strong>rencontr\u00e9<\/strong> pour la premi\u00e8re fois <strong>la<br \/>\nfille<\/strong> de cette derni\u00e8re. Un \u00e9v\u00e9nement qu\u2019elle a tenu \u00e0<br \/>\nsouligner publiquement. \u2018\u2018Mon b\u00e9b\u00e9 @rosebertram et sa<br \/>\n<strong>princesse<\/strong>\u2026 J\u2019ai <strong>enfin rencontr\u00e9 sa petite<br \/>\nfille<\/strong> !\u2019\u2019 a-t-elle \u00e9crit, visiblement<br \/>\n<strong>touch\u00e9e<\/strong>. Une parenth\u00e8se <strong>douce et<br \/>\nfamiliale.<\/strong><\/p>\n<p>Christina Milian pr\u00e9sente, Matt Pokora<br \/>\ngrand absent du mariage<\/p>\n<p>Si <a href=\"https:\/\/www.closermag.fr\/people\/il-faut-laccepter-son-couple-avec-christina-milian-en-perte-de-vitesse-matt-pokora-joue-franc-jeu-3531375\" target=\"_blank\" rel=\"noopener\"><br \/>\nMatt Pokora, qui s\u2019est confi\u00e9 sur son couple en perte de<br \/>\nvitesse<\/a>, n\u2019\u00e9tait <strong>pas aux c\u00f4t\u00e9s de son \u00e9pouse<\/strong><br \/>\nlors du mariage de Cindy Bruna, c\u2019est pour une<br \/>\n<strong>raison<\/strong> bien pr\u00e9cise. Le chanteur \u00e9tait alors \u00e0<br \/>\n<strong>Aix-en-Provence<\/strong>. En effet, il est engag\u00e9 dans une<br \/>\ns\u00e9rie de <strong>concerts<\/strong> dans le cadre de son<br \/>\nAdr\u00e9naline Tour. Tr\u00e8s actif sur les r\u00e9seaux sociaux,<br \/>\nl\u2019artiste a partag\u00e9 plusieurs <strong>images<\/strong> de son<br \/>\nquotidien notamment l\u2019arriv\u00e9e de <strong>leurs deux fils, Kenna et<br \/>\nIsaiah,<\/strong> dans le Sud. \u2018\u2018<strong>Aix-en-Provence, on<br \/>\narrive.<\/strong>\u2019\u2019 \u00e9crivait-il en l\u00e9gende d\u2019une vid\u00e9o o\u00f9 elle<br \/>\nmontrait les <strong>deux gar\u00e7ons courir et jouer,<br \/>\ninsouciants.<\/strong><\/p>\n<p>Toujours tr\u00e8s <strong>proche<\/strong> de son public, Matt Pokora<br \/>\na \u00e9galement pris le temps de revenir sur le<br \/>\n<strong>lancement<\/strong> de sa tourn\u00e9e. \u2018\u2018L\u2019Adr\u00e9naline Tour a<br \/>\ncommenc\u00e9 sa route et c\u2019\u00e9tait <strong>fou<\/strong>.\u2019\u2019 a-t-il<br \/>\nconfi\u00e9. \u2018\u2018Un concert d\u2019un genre <strong>nouveau<\/strong>,<br \/>\n<strong>sans barri\u00e8res,<\/strong> avec une <strong>sc\u00e8ne<\/strong><br \/>\nqui s\u2019\u00e9tend <strong>jusqu\u2019au fond de la salle.<\/strong> C\u2019\u00e9tait bon<br \/>\nd\u2019\u00eatre au <strong>plus pr\u00e8s de vous<\/strong>.\u2019\u2019 Une<br \/>\nimplication professionnelle totale qui explique son<br \/>\n<strong>absence<\/strong> lors du mariage, sans pour autant entamer<br \/>\nles <strong>liens forts qui unissent le couple Milian-Pokora \u00e0<br \/>\nCindy Bruna<\/strong>.<\/p>\n","protected":false},"excerpt":{"rendered":"Cindy Bruna, qui a v\u00e9cu des violences conjugales, a v\u00e9cu l\u2019un des moments les plus forts de sa&hellip;\n","protected":false},"author":2,"featured_media":614620,"comment_status":"","ping_status":"","sticky":false,"template":"","format":"standard","meta":{"footnotes":""},"categories":[1359],"tags":[21303,37239,58,59,1011,27,70426,2886,973],"class_list":{"0":"post-614619","1":"post","2":"type-post","3":"status-publish","4":"format-standard","5":"has-post-thumbnail","7":"category-people","8":"tag-buzz_nonli","9":"tag-christina-milian","10":"tag-divertissement","11":"tag-entertainment","12":"tag-fr","13":"tag-france","14":"tag-marfeel_news","15":"tag-matt-pokora","16":"tag-people"},"share_on_mastodon":{"url":"https:\/\/pubeurope.com\/@fr\/115759869083387410","error":""},"_links":{"self":[{"href":"https:\/\/www.europesays.com\/fr\/wp-json\/wp\/v2\/posts\/614619","targetHints":{"allow":["GET"]}}],"collection":[{"href":"https:\/\/www.europesays.com\/fr\/wp-json\/wp\/v2\/posts"}],"about":[{"href":"https:\/\/www.europesays.com\/fr\/wp-json\/wp\/v2\/types\/post"}],"author":[{"embeddable":true,"href":"https:\/\/www.europesays.com\/fr\/wp-json\/wp\/v2\/users\/2"}],"replies":[{"embeddable":true,"href":"https:\/\/www.europesays.com\/fr\/wp-json\/wp\/v2\/comments?post=614619"}],"version-history":[{"count":0,"href":"https:\/\/www.europesays.com\/fr\/wp-json\/wp\/v2\/posts\/614619\/revisions"}],"wp:featuredmedia":[{"embeddable":true,"href":"https:\/\/www.europesays.com\/fr\/wp-json\/wp\/v2\/media\/614620"}],"wp:attachment":[{"href":"https:\/\/www.europesays.com\/fr\/wp-json\/wp\/v2\/media?parent=614619"}],"wp:term":[{"taxonomy":"category","embeddable":true,"href":"https:\/\/www.europesays.com\/fr\/wp-json\/wp\/v2\/categories?post=614619"},{"taxonomy":"post_tag","embeddable":true,"href":"https:\/\/www.europesays.com\/fr\/wp-json\/wp\/v2\/tags?post=614619"}],"curies":[{"name":"wp","href":"https:\/\/api.w.org\/{rel}","templated":true}]}}