{"id":614625,"date":"2025-12-21T22:19:17","date_gmt":"2025-12-21T22:19:17","guid":{"rendered":"https:\/\/www.europesays.com\/fr\/614625\/"},"modified":"2025-12-21T22:19:17","modified_gmt":"2025-12-21T22:19:17","slug":"je-lai-cogne-helene-segara-fait-des-revelations-sur-les-coulisses-de-notre-dame-de-paris","status":"publish","type":"post","link":"https:\/\/www.europesays.com\/fr\/614625\/","title":{"rendered":"\u00ab\u00a0Je l\u2019ai cogn\u00e9\u00a0\u00bb : H\u00e9l\u00e8ne S\u00e9gara fait des r\u00e9v\u00e9lations sur les coulisses de Notre-Dame-de-Paris"},"content":{"rendered":"<p>Invit\u00e9e de Vivement dimanche ce 21 d\u00e9cembre 2025, H\u00e9l\u00e8ne S\u00e9gara a \u00e9t\u00e9 rejointe sur le plateau par Daniel Lavoie, son ex-partenaire de jeu dans Notre-Dame de Paris. L&rsquo;occasion pour les deux amis artistes de revenir sur une dr\u00f4le d&rsquo;anecdote de l&rsquo;\u00e9poque o\u00f9 ils chantaient ensemble dans la c\u00e9l\u00e8bre com\u00e9die musicale de la fin des ann\u00e9es 1990.<\/p>\n<p>Une com\u00e9die musicale comme on n&rsquo;en fait plus. \u00c0 la fin des ann\u00e9es 1990, Notre-Dame de Paris a rencontr\u00e9 un accueil \u00e9poustouflant, <a href=\"https:\/\/www.programme-tv.net\/news\/musique\/375285-ces-lourdes-sequelles-physiques-que-garde-garou-a-cause-de-son-role-de-quasimodo-dans-la-comedie-musicale-notre-dame-de-paris\/\" data-api-deeplink=\"teleloisirs:\/\/news\/375285\" target=\"_blank\" rel=\"noopener\">avec sa distribution d&rsquo;artistes devenus des stars<\/a> et sa collection de chansons \u2013 des tubes qui ont marqu\u00e9 des g\u00e9n\u00e9rations de fans, avec notamment Le temps des cath\u00e9drales, Belle ou encore Les Cloches. Parmi ses acteurs principaux, Garou, <a href=\"https:\/\/www.programme-tv.net\/biographie\/9997-zenatti-julie\/\" data-link-people=\"14f5519b-e68c-4b8e-bef8-aa099db17341\" target=\"_blank\" rel=\"noopener\">Julie Zenatti<\/a>, <a href=\"https:\/\/www.programme-tv.net\/biographie\/20185-fiori-patrick\/\" data-link-people=\"ffed3509-79ac-4a5a-8e29-6cd7151f71a1\" target=\"_blank\" rel=\"noopener\">Patrick Fiori<\/a> ou encore H\u00e9l\u00e8ne S\u00e9gara ont poursuivi une carri\u00e8re musicale \u00e0 succ\u00e8s. Cette derni\u00e8re, \u00e0 qui l&rsquo;on doit des chansons cultes comme Elle, tu l&rsquo;aimes et On n&rsquo;oublie jamais rien, on vit avec, \u00e9tait d&rsquo;ailleurs invit\u00e9e du plateau de Vivement dimanche, ce 21 d\u00e9cembre 2025. La chanteuse de 54 ans, <a href=\"https:\/\/www.programme-tv.net\/news\/musique\/249216-helene-segara-ses-retrouvailles-emues-avec-garou-son-quasimodo-de-notre-dame-de-paris-photo\/\" data-api-deeplink=\"teleloisirs:\/\/news\/249216\" target=\"_blank\" rel=\"noopener\">interpr\u00e8te inoubliable d&rsquo;Esmeralda<\/a>, a \u00e9t\u00e9 rejointe sur le divan rouge par son ex-partenaire de sc\u00e8ne, <a href=\"https:\/\/www.programme-tv.net\/biographie\/34605-lavoie-daniel\/\" data-link-people=\"0e994636-9adb-4ba5-98f2-a3fe34a165d7\" target=\"_blank\" rel=\"noopener\">Daniel Lavoie<\/a>, alias le pr\u00eatre Claude Frollo dans le spectacle de Luc Plamendon.<\/p>\n<p>L&rsquo;occasion pour les deux amis artistes de revenir sur cette p\u00e9riode de leur carri\u00e8re, durant laquelle la troupe de com\u00e9diens de Notre-Dame de Paris s&rsquo;est soud\u00e9e et est devenue une famille. Face \u00e0 <a href=\"https:\/\/www.programme-tv.net\/biographie\/513-drucker-michel\/\" data-link-people=\"7c97fddf-70ec-49d0-83b3-cad98eb2ec24\" target=\"_blank\" rel=\"noopener\">Michel Drucker<\/a> sur France 3, H\u00e9l\u00e8ne S\u00e9gara a racont\u00e9 une anecdote avec Daniel Lavoie, qui traduit justement leur implication dans le spectacle. \u00ab\u00a0Pour la petite histoire : quand j&rsquo;\u00e9tais en prison en tant qu&rsquo;Esmeralda et qu&rsquo;il venait me voir, un soir, je suis tellement rentr\u00e9e dans mon r\u00f4le qu&rsquo;au moment o\u00f9 il se jette sur moi, je l&rsquo;ai cogn\u00e9 ! Mais pour de vrai. \u00c7a a \u00e9t\u00e9 un r\u00e9flexe, tu sais. Tu te jettes sur moi, je me d\u00e9fends, Daniel\u00a0\u00bb, a-t-elle racont\u00e9. \u00ab\u00a0En fait, c&rsquo;\u00e9tait de l&rsquo;amour. On a mal compris Frollo\u00a0\u00bb, a r\u00e9pliqu\u00e9 l&rsquo;acteur, qui jouait le r\u00f4le de l&rsquo;archidiacre de Notre-Dame de Paris, obs\u00e9d\u00e9 \u00e0 l&rsquo;id\u00e9e de poss\u00e9der la belle Esmeralda.<\/p>\n<p>            Daniel Lavoie, alias Frollo, a repris son r\u00f4le pour les 25 ans de Notre-Dame de Paris<\/p>\n<p>Et H\u00e9l\u00e8ne S\u00e9gara de conclure : \u00ab\u00a0Quand je sors de sc\u00e8ne, je me rends compte quand m\u00eame que je lui ai s\u00fbrement fait mal, donc je vais le voir et je suis vraiment dans un \u00e9tat&#8230; Et il me dit &lsquo;Mais c&rsquo;est g\u00e9nial, \u00e7a m&rsquo;a tellement, tellement fait incarner mon personnage&rsquo;. Pour moi, il est l&rsquo;ind\u00e9tr\u00f4nable Frollo\u00a0\u00bb. Un r\u00f4le que Daniel Lajoie a repris pour c\u00e9l\u00e9brer <a href=\"https:\/\/www.programme-tv.net\/news\/tv\/351027-jai-hesite-daniel-lavoie-explique-pourquoi-son-retour-en-2016-dans-la-comedie-musicale-notre-dame-de-paris-n-etait-pas-evident\/\" data-api-deeplink=\"teleloisirs:\/\/news\/351027\" target=\"_blank\" rel=\"noopener\">les 25 ans de Notre-Dame de Paris<\/a>, au Palais des Congr\u00e8s de Paris en 2026.<\/p>\n","protected":false},"excerpt":{"rendered":"Invit\u00e9e de Vivement dimanche ce 21 d\u00e9cembre 2025, H\u00e9l\u00e8ne S\u00e9gara a \u00e9t\u00e9 rejointe sur le plateau par Daniel&hellip;\n","protected":false},"author":2,"featured_media":614626,"comment_status":"","ping_status":"","sticky":false,"template":"","format":"standard","meta":{"footnotes":""},"categories":[1355],"tags":[2704,244,58,59,1011,27,1363,1361,873,3341,1630],"class_list":{"0":"post-614625","1":"post","2":"type-post","3":"status-publish","4":"format-standard","5":"has-post-thumbnail","7":"category-musique","8":"tag-chanteuse","9":"tag-commentaire","10":"tag-divertissement","11":"tag-entertainment","12":"tag-fr","13":"tag-france","14":"tag-hu00e9lu00e8ne-segara","15":"tag-music","16":"tag-musique","17":"tag-notre-dame-de-paris","18":"tag-zapping"},"share_on_mastodon":{"url":"https:\/\/pubeurope.com\/@fr\/115759885134145483","error":""},"_links":{"self":[{"href":"https:\/\/www.europesays.com\/fr\/wp-json\/wp\/v2\/posts\/614625","targetHints":{"allow":["GET"]}}],"collection":[{"href":"https:\/\/www.europesays.com\/fr\/wp-json\/wp\/v2\/posts"}],"about":[{"href":"https:\/\/www.europesays.com\/fr\/wp-json\/wp\/v2\/types\/post"}],"author":[{"embeddable":true,"href":"https:\/\/www.europesays.com\/fr\/wp-json\/wp\/v2\/users\/2"}],"replies":[{"embeddable":true,"href":"https:\/\/www.europesays.com\/fr\/wp-json\/wp\/v2\/comments?post=614625"}],"version-history":[{"count":0,"href":"https:\/\/www.europesays.com\/fr\/wp-json\/wp\/v2\/posts\/614625\/revisions"}],"wp:featuredmedia":[{"embeddable":true,"href":"https:\/\/www.europesays.com\/fr\/wp-json\/wp\/v2\/media\/614626"}],"wp:attachment":[{"href":"https:\/\/www.europesays.com\/fr\/wp-json\/wp\/v2\/media?parent=614625"}],"wp:term":[{"taxonomy":"category","embeddable":true,"href":"https:\/\/www.europesays.com\/fr\/wp-json\/wp\/v2\/categories?post=614625"},{"taxonomy":"post_tag","embeddable":true,"href":"https:\/\/www.europesays.com\/fr\/wp-json\/wp\/v2\/tags?post=614625"}],"curies":[{"name":"wp","href":"https:\/\/api.w.org\/{rel}","templated":true}]}}