{"id":614638,"date":"2025-12-21T22:26:13","date_gmt":"2025-12-21T22:26:13","guid":{"rendered":"https:\/\/www.europesays.com\/fr\/614638\/"},"modified":"2025-12-21T22:26:13","modified_gmt":"2025-12-21T22:26:13","slug":"liberation-des-130-derniers-eleves-enleves-en-novembre-dans-louest-du-pays","status":"publish","type":"post","link":"https:\/\/www.europesays.com\/fr\/614638\/","title":{"rendered":"lib\u00e9ration des 130\u00a0derniers \u00e9l\u00e8ves enlev\u00e9s en novembre dans l\u2019ouest du pays"},"content":{"rendered":"\n<p class=\"article__paragraph  \">Les autorit\u00e9s nig\u00e9rianes ont obtenu la lib\u00e9ration de 130\u00a0\u00e9l\u00e8ves <a href=\"https:\/\/www.lemonde.fr\/afrique\/article\/2025\/11\/22\/au-nigeria-315-eleves-et-enseignants-enleves-dans-une-ecole-catholique-selon-un-nouveau-bilan_6654422_3212.html\" target=\"_blank\" rel=\"noopener\">enlev\u00e9s le 21\u00a0novembre par des hommes arm\u00e9s dans une \u00e9cole catholique de l\u2019ouest du pays<\/a>, a annonc\u00e9, dimanche 21\u00a0d\u00e9cembre, un porte-parole de la pr\u00e9sidence. Une centaine d\u2019\u00e9coliers <a href=\"https:\/\/www.lemonde.fr\/afrique\/article\/2025\/12\/07\/au-nigeria-cent-eleves-d-une-ecole-catholique-enleves-en-novembre-ont-ete-liberes_6656408_3212.html\" target=\"_blank\" rel=\"noopener\">avaient d\u00e9j\u00e0 \u00e9t\u00e9 lib\u00e9r\u00e9s au d\u00e9but de d\u00e9cembre<\/a>. \u00ab\u00a0Cent trente autres \u00e9l\u00e8ves enlev\u00e9s dans l\u2019Etat du Niger ont \u00e9t\u00e9 lib\u00e9r\u00e9s, plus aucun n\u2019est en captivit\u00e9\u00a0\u00bb, a d\u00e9clar\u00e9 Sunday Dare dans un message publi\u00e9 sur X, accompagn\u00e9 d\u2019une photo d\u2019enfants souriants.<\/p>\n<p class=\"article__paragraph  \">Ils seront transf\u00e9r\u00e9 lundi \u00e0 Minna, la capitale de l\u2019Etat du Niger, a pr\u00e9cis\u00e9 \u00e0 l\u2019Agence France-Presse (AFP) une source de l\u2019ONU.<\/p>\n<p class=\"article__paragraph  \">Au total, 303\u00a0\u00e9l\u00e8ves et 12\u00a0enseignants avaient \u00e9t\u00e9 emmen\u00e9s de force du pensionnat Saint Mary, situ\u00e9 \u00e0 Papiri, dans l\u2019Etat du Niger, \u2013 l\u2019un des plus importants kidnappings de masse au Nigeria, un pays ravag\u00e9 par le ph\u00e9nom\u00e8ne. Une cinquantaine d\u2019\u00e9coliers avaient r\u00e9ussi, peu apr\u00e8s, \u00e0 \u00e9chapper \u00e0 leurs ravisseurs.<\/p>\n<p class=\"article__paragraph  \">Les enl\u00e8vements de masse sont fr\u00e9quents au Nigeria, la plupart perp\u00e9tr\u00e9s par des gangs criminels, appel\u00e9s \u00ab\u00a0bandits\u00a0\u00bb, en qu\u00eate de ran\u00e7ons. Avant ce raid, des hommes arm\u00e9s avaient d\u00e9j\u00e0 enlev\u00e9, le 17\u00a0novembre, 25\u00a0jeunes filles apr\u00e8s avoir attaqu\u00e9 un lyc\u00e9e de l\u2019Etat voisin de Kebbi (Nord-Ouest). <a href=\"https:\/\/www.lemonde.fr\/afrique\/article\/2025\/11\/25\/au-nigeria-les-24-lyceennes-enlevees-la-semaine-derniere-ont-ete-liberees-selon-la-presidence_6654820_3212.html\" target=\"_blank\" rel=\"noopener\">Les autorit\u00e9s nig\u00e9rianes avaient annonc\u00e9 leur lib\u00e9ration le 25\u00a0novembre<\/a>.<\/p>\n<p>                                     Lire aussi |  Article r\u00e9serv\u00e9 \u00e0 nos abonn\u00e9s  <a href=\"https:\/\/www.lemonde.fr\/afrique\/article\/2025\/11\/23\/au-nigeria-les-enlevements-a-repetition-mettent-le-gouvernement-sous-pression_6654552_3212.html\" class=\"js-article-read-also catcher--favoris__link\" data-premium=\"1\" id=\"article-title-3447842\" target=\"_blank\" rel=\"noopener\">Au Nigeria, les enl\u00e8vements \u00e0 r\u00e9p\u00e9tition mettent le gouvernement sous pression<\/a>    <\/p>\n<p>   Lire plus tard  <\/p>\n<p class=\"article__paragraph  \">Le mois de novembre a connu une vague importante de kidnappings au cours de laquelle plus de 400\u00a0Nig\u00e9rians \u2013 des \u00e9coli\u00e8res musulmanes, des fid\u00e8les d\u2019une Eglise \u00e9vang\u00e9lique, des agriculteurs, une mari\u00e9e et ses demoiselles d\u2019honneur\u2026 \u2013 ont \u00e9t\u00e9 enlev\u00e9s en quinze jours, \u00e9branlant profond\u00e9ment la nation.<\/p>\n<p class=\"article__paragraph  \">L\u2019un des premiers enl\u00e8vements de masse ayant attir\u00e9 l\u2019attention internationale remonte \u00e0 2014 quand les djihadistes de Boko Haram avaient enlev\u00e9 quelque 300\u00a0\u00e9coli\u00e8res d\u2019un pensionnat de Chibok, localit\u00e9 de l\u2019Etat de Borno. Une d\u00e9cennie plus tard, environ 90 d\u2019entre elles manquent toujours \u00e0 l\u2019appel.<\/p>\n<p class=\"author__detail\">  Le Monde avec AFP  <\/p>\n<p>                <a href=\"https:\/\/www.lemonde.fr\/syndication\/\" class=\"reuse__content\" title=\"R\u00e9utiliser ce contenu\" target=\"_blank\" rel=\"noopener\">R\u00e9utiliser ce contenu<\/a>      <\/p>\n","protected":false},"excerpt":{"rendered":"Les autorit\u00e9s nig\u00e9rianes ont obtenu la lib\u00e9ration de 130\u00a0\u00e9l\u00e8ves enlev\u00e9s le 21\u00a0novembre par des hommes arm\u00e9s dans une&hellip;\n","protected":false},"author":2,"featured_media":614639,"comment_status":"","ping_status":"","sticky":false,"template":"","format":"standard","meta":{"footnotes":""},"categories":[5],"tags":[11,1011,27,14,12,28],"class_list":{"0":"post-614638","1":"post","2":"type-post","3":"status-publish","4":"format-standard","5":"has-post-thumbnail","7":"category-international","8":"tag-actualites","9":"tag-fr","10":"tag-france","11":"tag-international","12":"tag-news","13":"tag-world"},"share_on_mastodon":{"url":"https:\/\/pubeurope.com\/@fr\/115759912353710766","error":""},"_links":{"self":[{"href":"https:\/\/www.europesays.com\/fr\/wp-json\/wp\/v2\/posts\/614638","targetHints":{"allow":["GET"]}}],"collection":[{"href":"https:\/\/www.europesays.com\/fr\/wp-json\/wp\/v2\/posts"}],"about":[{"href":"https:\/\/www.europesays.com\/fr\/wp-json\/wp\/v2\/types\/post"}],"author":[{"embeddable":true,"href":"https:\/\/www.europesays.com\/fr\/wp-json\/wp\/v2\/users\/2"}],"replies":[{"embeddable":true,"href":"https:\/\/www.europesays.com\/fr\/wp-json\/wp\/v2\/comments?post=614638"}],"version-history":[{"count":0,"href":"https:\/\/www.europesays.com\/fr\/wp-json\/wp\/v2\/posts\/614638\/revisions"}],"wp:featuredmedia":[{"embeddable":true,"href":"https:\/\/www.europesays.com\/fr\/wp-json\/wp\/v2\/media\/614639"}],"wp:attachment":[{"href":"https:\/\/www.europesays.com\/fr\/wp-json\/wp\/v2\/media?parent=614638"}],"wp:term":[{"taxonomy":"category","embeddable":true,"href":"https:\/\/www.europesays.com\/fr\/wp-json\/wp\/v2\/categories?post=614638"},{"taxonomy":"post_tag","embeddable":true,"href":"https:\/\/www.europesays.com\/fr\/wp-json\/wp\/v2\/tags?post=614638"}],"curies":[{"name":"wp","href":"https:\/\/api.w.org\/{rel}","templated":true}]}}