{"id":614640,"date":"2025-12-21T22:27:15","date_gmt":"2025-12-21T22:27:15","guid":{"rendered":"https:\/\/www.europesays.com\/fr\/614640\/"},"modified":"2025-12-21T22:27:15","modified_gmt":"2025-12-21T22:27:15","slug":"de-la-neige-a-noel-ce-que-disent-en-tout-cas-pour-linstant-les-previsions-meteorologiques","status":"publish","type":"post","link":"https:\/\/www.europesays.com\/fr\/614640\/","title":{"rendered":"De la neige \u00e0 No\u00ebl\u00a0? Ce que disent (en tout cas pour l\u2019instant) les pr\u00e9visions m\u00e9t\u00e9orologiques"},"content":{"rendered":"<p>Des flocons pour rendre la <a href=\"https:\/\/www.20minutes.fr\/societe\/4192148-20251221-lutins-dit-ecoutais-beaucoup-pere-noel-meilleur-allie-parents-decembre\" target=\"_blank\" class=\"c-link c-link--is-underlined\" rel=\"noopener\">nuit de No\u00ebl plus magique<\/a> encore\u00a0? Le clich\u00e9 pourrait bien devenir r\u00e9alit\u00e9 cette ann\u00e9e, si l\u2019on se fie aux pr\u00e9visions actuelles de <a href=\"https:\/\/meteofrance.com\/\" rel=\"nofollow noopener\" target=\"_blank\" class=\"c-link c-link--is-underlined\">M\u00e9t\u00e9o France<\/a>. Ce dimanche, l\u2019agence m\u00e9t\u00e9orologique annonce de la <a href=\"https:\/\/www.20minutes.fr\/dossier\/neige\" class=\"c-link c-link--is-underlined\" target=\"_blank\" rel=\"noopener\">neige<\/a> dans la nuit du 24 au 25 sur un axe allant de la Bretagne \u00e0 la r\u00e9gion Rh\u00f4ne-Alpes. Dans le d\u00e9tail, il pourrait tomber quelques flocons du c\u00f4t\u00e9 de Rennes, dans le pays de Loire entre Nantes et Alen\u00e7on mais \u00e9galement du c\u00f4t\u00e9 de Vichy, d\u2019Aurillac et dans l\u2019agglom\u00e9ration lyonnaise.<\/p>\n<p><img decoding=\"async\" alt=\"A trois jours de No\u00ebl, les pr\u00e9visions laissent penser qu'il pourrait neiger en plaine la nuit du R\u00e9veillon.\" class=\"c-img\" loading=\"lazy\" fetchpriority=\"auto\" width=\"718\"  src=\"https:\/\/img.20mn.fr\/huF8bo7CShCVAn6Mp-EquCk\/718x0\" \/>A trois jours de No\u00ebl, les pr\u00e9visions laissent penser qu&rsquo;il pourrait neiger en plaine la nuit du R\u00e9veillon.\u2002-\u00a0M\u00e9t\u00e9o France<\/p>\n<p>La <a href=\"https:\/\/www.lachainemeteo.com\/meteo-france\/pays-63\/previsions-meteo-france-mercredi\" target=\"_blank\" class=\"c-link c-link--is-underlined\" rel=\"noopener\">Chaine M\u00e9t\u00e9o<\/a>, quant \u00e0 elle, ne pr\u00e9voit de la neige pour l\u2019instant que dans la r\u00e9gion Rh\u00f4ne-Alpes. Sur le r\u00e9seau social X, elle pr\u00e9cise qu\u2019une \u00ab\u00a0goutte froide\u00a0\u00bb, dont la trajectoire n\u2019est pas encore pr\u00e9cis\u00e9ment d\u00e9finie, \u00ab\u00a0pourrait \u00eatre \u00e0 l\u2019origine d\u2019un risque de neige entre l\u2019est et le centre-ouest du pays\u00a0\u00bb. Reste qu\u2019\u00e0 trois jours de l\u2019\u00e9ch\u00e9ance, ces pr\u00e9visions sont encore incertaines.<\/p>\n","protected":false},"excerpt":{"rendered":"Des flocons pour rendre la nuit de No\u00ebl plus magique encore\u00a0? Le clich\u00e9 pourrait bien devenir r\u00e9alit\u00e9 cette&hellip;\n","protected":false},"author":2,"featured_media":614641,"comment_status":"","ping_status":"","sticky":false,"template":"","format":"standard","meta":{"footnotes":""},"categories":[4],"tags":[47,11,1011,27,2487,2357,10584,12,15830,25,104],"class_list":{"0":"post-614640","1":"post","2":"type-post","3":"status-publish","4":"format-standard","5":"has-post-thumbnail","7":"category-france","8":"tag-actualite","9":"tag-actualites","10":"tag-fr","11":"tag-france","12":"tag-meteo","13":"tag-meteo-france","14":"tag-neige","15":"tag-news","16":"tag-noel","17":"tag-republique-francaise","18":"tag-societe"},"share_on_mastodon":{"url":"https:\/\/pubeurope.com\/@fr\/115759916883865339","error":""},"_links":{"self":[{"href":"https:\/\/www.europesays.com\/fr\/wp-json\/wp\/v2\/posts\/614640","targetHints":{"allow":["GET"]}}],"collection":[{"href":"https:\/\/www.europesays.com\/fr\/wp-json\/wp\/v2\/posts"}],"about":[{"href":"https:\/\/www.europesays.com\/fr\/wp-json\/wp\/v2\/types\/post"}],"author":[{"embeddable":true,"href":"https:\/\/www.europesays.com\/fr\/wp-json\/wp\/v2\/users\/2"}],"replies":[{"embeddable":true,"href":"https:\/\/www.europesays.com\/fr\/wp-json\/wp\/v2\/comments?post=614640"}],"version-history":[{"count":0,"href":"https:\/\/www.europesays.com\/fr\/wp-json\/wp\/v2\/posts\/614640\/revisions"}],"wp:featuredmedia":[{"embeddable":true,"href":"https:\/\/www.europesays.com\/fr\/wp-json\/wp\/v2\/media\/614641"}],"wp:attachment":[{"href":"https:\/\/www.europesays.com\/fr\/wp-json\/wp\/v2\/media?parent=614640"}],"wp:term":[{"taxonomy":"category","embeddable":true,"href":"https:\/\/www.europesays.com\/fr\/wp-json\/wp\/v2\/categories?post=614640"},{"taxonomy":"post_tag","embeddable":true,"href":"https:\/\/www.europesays.com\/fr\/wp-json\/wp\/v2\/tags?post=614640"}],"curies":[{"name":"wp","href":"https:\/\/api.w.org\/{rel}","templated":true}]}}