{"id":614647,"date":"2025-12-21T22:34:27","date_gmt":"2025-12-21T22:34:27","guid":{"rendered":"https:\/\/www.europesays.com\/fr\/614647\/"},"modified":"2025-12-21T22:34:27","modified_gmt":"2025-12-21T22:34:27","slug":"ce-nest-pas-du-made-in-china-quand-la-course-aux-cadeaux-de-noel-se-veut-locale-en-lorraine","status":"publish","type":"post","link":"https:\/\/www.europesays.com\/fr\/614647\/","title":{"rendered":"\u00ab\u00a0Ce n&rsquo;est pas du made in China\u00a0!\u00a0\u00bb : quand la course aux cadeaux de No\u00ebl se veut locale en Lorraine"},"content":{"rendered":"<p>La MJC des Trois Maisons a accueilli pendant deux week-ends de d\u00e9cembre un march\u00e9 d&rsquo;art et d&rsquo;artisanat local. Une p\u00e9riode importante pour les vendeurs et une mani\u00e8re d&rsquo;offrir des cadeaux locaux pour les clients. <\/p>\n<p>Des aquarelles, des bijoux, des stickers, des \u00e9charpes\u2026 La MJC (Maison des jeunes et de la culture) des Trois Maisons \u00e0 Nancy, regorge d&rsquo;id\u00e9e cadeau de\u00a0<a class=\"IciLink ici-link IciArticleLink g-ici-body-regular-1 underline brand svelte-1chfe2s\" href=\"https:\/\/www.francebleu.fr\/emissions\/ici-ca-marche-ici-lorraine-meurthe-et-moselle-et-vosges\/villers-les-nancy-celebre-la-journee-du-pull-de-noel-avec-un-concours-photo-3756219\" target=\"_blank\" rel=\"noopener\">No\u00ebl<\/a>\u00a0ce dimanche 21 d\u00e9cembre. Pour le deuxi\u00e8me week-end de suite, un march\u00e9 d&rsquo;art et d\u2019artisanat local s&rsquo;est install\u00e9 entre les murs. <strong>34 artistes et artisans sont l\u00e0<\/strong> avec des clients aussi au rendez-vous.<\/p>\n<p>\u00ab\u00a0C&rsquo;est local, observe Marianne, ce n&rsquo;est pas du made in China\u00a0!\u00a0\u00bb Ils sont nombreux \u00e0 avoir la m\u00eame d\u00e9marche\u00a0: <strong>avoir des cadeaux locaux au pied du sapin<\/strong>. No\u00e9mie, une \u00e9tudiante en m\u00e9decine, est fan d&rsquo;illustration, elle vient de d\u00e9penser un peu plus de 40 euros\u00a0: \u00ab\u00a0Je n&rsquo;aime pas acheter sur internet. Je pr\u00e9f\u00e8re payer des artisans qui vivent enti\u00e8rement de leurs mains plut\u00f4t que de grandes enseignes.\u00a0\u00bb<\/p>\n<p>\u00ab\u00a0L&rsquo;une des p\u00e9riodes les plus importantes de l&rsquo;ann\u00e9e\u00a0\u00bb<\/p>\n<p>Lorraine Pochet, une artiste de la Meuse vend des illustrations, des stickers, des peintures\u00a0: \u00ab\u00a0On fait des march\u00e9s tous les week-ends depuis novembre. C&rsquo;est l&rsquo;une des p\u00e9riodes les plus importantes de l&rsquo;ann\u00e9e. Ces ventes, \u00e7a repr\u00e9sente environ un tiers de chiffre d&rsquo;affaires.\u00a0\u00bb Dans les finances de\u00a0Camille Peiffert, artiste \u00e0 Nancy qui vend des linogravures, c&rsquo;est aussi <strong>aux alentours d&rsquo;un tiers de ses finances<\/strong>\u00a0: \u00ab\u00a0Il ne faut pas \u00eatre malade \u00e0 cette p\u00e9riode\u00a0! Tout le monde veut acheter. Il faut d&rsquo;ailleurs essayer de proposer des choses pour tous les budgets.\u00a0\u00bb<\/p>\n<p>\u00c0 lire aussi   <img decoding=\"async\" src=\"https:\/\/www.europesays.com\/fr\/wp-content\/uploads\/2025\/12\/1766356467_950_400x400\" alt=\"\" style=\"--_image-preview:url('data:image\/jpeg;base64,\/9j\/2wBDACgcHiMeGSgjISMtKygwPGRBPDc3PHtYXUlkkYCZlo+AjIqgtObDoKrarYqMyP\/L2u71\/\/\/\/m8H\/\/\/\/6\/+b9\/\/j\/2wBDASstLTw1PHZBQXb4pYyl+Pj4+Pj4+Pj4+Pj4+Pj4+Pj4+Pj4+Pj4+Pj4+Pj4+Pj4+Pj4+Pj4+Pj4+Pj4+Pj4+Pj\/wAARCAAXACoDASIAAhEBAxEB\/8QAGAAAAwEBAAAAAAAAAAAAAAAAAAEDAgT\/xAAXEAEBAQEAAAAAAAAAAAAAAAAAAgER\/8QAFgEBAQEAAAAAAAAAAAAAAAAAAQAC\/8QAFBEBAAAAAAAAAAAAAAAAAAAAAP\/aAAwDAQACEQMRAD8AU6tNOWdVmmS6coqpPKLaKKtT6dan0FidUnQEFM0boCKdMgJP\/9k=');\" loading=\"lazy\" fetchpriority=\"low\" aria-hidden=\"true\" class=\"svelte-1cksh76 rounded\" onload=\"this.__e=event\" onerror=\"this.__e=event\"\/><\/p>\n<p>C&rsquo;est ce qu&rsquo;a fait Caroline Antoine, artiste plasticienne \u00e0 Nancy. Elle vend des aquarelles, des encres, des gravures. Ces march\u00e9s sont aussi l&rsquo;occasion de conserver un lien avec les clients\u00a0: \u00ab\u00a0On est souvent isol\u00e9, les petits cr\u00e9ateurs. Mais d&rsquo;une ann\u00e9e sur l&rsquo;autre, les gens me retrouvent, me reconnaissent.\u00a0\u00bb Sur ce week-end, elle estime pouvoir vendre <strong>entre 300 et 400 euros de ses \u0153uvres<\/strong>.<\/p>\n","protected":false},"excerpt":{"rendered":"La MJC des Trois Maisons a accueilli pendant deux week-ends de d\u00e9cembre un march\u00e9 d&rsquo;art et d&rsquo;artisanat local.&hellip;\n","protected":false},"author":2,"featured_media":614648,"comment_status":"","ping_status":"","sticky":false,"template":"","format":"standard","meta":{"footnotes":""},"categories":[9635],"tags":[1111,11,1777,674,1011,27,775,1702,12,25],"class_list":{"0":"post-614647","1":"post","2":"type-post","3":"status-publish","4":"format-standard","5":"has-post-thumbnail","7":"category-nancy","8":"tag-actu","9":"tag-actualites","10":"tag-eu","11":"tag-europe","12":"tag-fr","13":"tag-france","14":"tag-grand-est","15":"tag-nancy","16":"tag-news","17":"tag-republique-francaise"},"share_on_mastodon":{"url":"https:\/\/pubeurope.com\/@fr\/115759945294879350","error":""},"_links":{"self":[{"href":"https:\/\/www.europesays.com\/fr\/wp-json\/wp\/v2\/posts\/614647","targetHints":{"allow":["GET"]}}],"collection":[{"href":"https:\/\/www.europesays.com\/fr\/wp-json\/wp\/v2\/posts"}],"about":[{"href":"https:\/\/www.europesays.com\/fr\/wp-json\/wp\/v2\/types\/post"}],"author":[{"embeddable":true,"href":"https:\/\/www.europesays.com\/fr\/wp-json\/wp\/v2\/users\/2"}],"replies":[{"embeddable":true,"href":"https:\/\/www.europesays.com\/fr\/wp-json\/wp\/v2\/comments?post=614647"}],"version-history":[{"count":0,"href":"https:\/\/www.europesays.com\/fr\/wp-json\/wp\/v2\/posts\/614647\/revisions"}],"wp:featuredmedia":[{"embeddable":true,"href":"https:\/\/www.europesays.com\/fr\/wp-json\/wp\/v2\/media\/614648"}],"wp:attachment":[{"href":"https:\/\/www.europesays.com\/fr\/wp-json\/wp\/v2\/media?parent=614647"}],"wp:term":[{"taxonomy":"category","embeddable":true,"href":"https:\/\/www.europesays.com\/fr\/wp-json\/wp\/v2\/categories?post=614647"},{"taxonomy":"post_tag","embeddable":true,"href":"https:\/\/www.europesays.com\/fr\/wp-json\/wp\/v2\/tags?post=614647"}],"curies":[{"name":"wp","href":"https:\/\/api.w.org\/{rel}","templated":true}]}}