{"id":614655,"date":"2025-12-21T22:39:14","date_gmt":"2025-12-21T22:39:14","guid":{"rendered":"https:\/\/www.europesays.com\/fr\/614655\/"},"modified":"2025-12-21T22:39:14","modified_gmt":"2025-12-21T22:39:14","slug":"deux-ans-apres-le-loto-du-patrimoine-les-grands-travaux-de-cette-eglise-vont-commencer","status":"publish","type":"post","link":"https:\/\/www.europesays.com\/fr\/614655\/","title":{"rendered":"deux ans apr\u00e8s le Loto du patrimoine, les grands travaux de cette \u00e9glise vont commencer"},"content":{"rendered":"<p>                    Par<br \/>\n        <strong><br \/>\n            <a href=\"https:\/\/actu.fr\/auteur\/aurelien-delavaud\" title=\"Consulter tous les articles de Aur\u00e9lien Delavaud\" target=\"_blank\" rel=\"noopener\">Aur\u00e9lien Delavaud<\/a><br \/>\n                    <\/strong><\/p>\n<p>        Publi\u00e9 le<\/p>\n<p>            21 d\u00e9c. 2025 \u00e0 22h29        <\/p>\n<p>Un long filet pour enrober le clocher, que <b>St\u00e9phane Bern<\/b> avait qualifi\u00e9 de \u00ab filet \u00e0 provisions \u00bb lors d\u2019un tournage dans le village, des barri\u00e8res, de la rubalise et, depuis septembre 2025, un <b>arr\u00eat\u00e9 de p\u00e9ril<\/b> qui interdit l\u2019acc\u00e8s au b\u00e2timent. Depuis quelques semaines, la v\u00e9n\u00e9rable <b>\u00e9glise Sainte-Madeleine<\/b> de <a href=\"https:\/\/actu.fr\/normandie\/la-bouille_76131\" target=\"_blank\" rel=\"noopener\">La Bouille (Seine-Maritime)<\/a> ne vit pas ses plus belles heures. La faute \u00e0 un clocher en mauvais \u00e9tat, d\u2019o\u00f9 des pierres tombent r\u00e9guli\u00e8rement. Mais deux ans apr\u00e8s <a href=\"https:\/\/actu.fr\/normandie\/elbeuf_76231\/la-bouille-leglise-sainte-madeleine-placee-sous-les-bons-auspices-de-stephane-bern_60545070.html\" target=\"_blank\" rel=\"noopener\">la manne financi\u00e8re attribu\u00e9e par le Loto du patrimoine<\/a>, son avenir est enfin en train de s\u2019\u00e9claircir.<\/p>\n<p>Une facture qui a beaucoup augment\u00e9<\/p>\n<p class=\" wall-content\">\u00ab C\u2019est vrai que c\u2019est vraiment la venue de St\u00e9phane Bern et l\u2019argent que l\u2019on a touch\u00e9 qui nous a mis le pied \u00e0 l\u2019\u00e9trier \u00bb, r\u00e9sume Jacques Meng, le maire de La Bouille. Depuis longtemps, le dossier du <b>clocher de l\u2019\u00e9glise<\/b> restait sagement rang\u00e9 dans un tiroir de son bureau, faute de moyens. Apr\u00e8s avoir d\u00e9j\u00e0 refait la toiture, il y a quelques ann\u00e9es, difficile de sortir les quelque 800 000\u00a0\u20ac pour les travaux estim\u00e9s en 2021.<\/p>\n<p class=\" wall-content\">C\u2019est donc en septembre 2024, apr\u00e8s avoir appris le <b>don de 260 000 \u20ac<\/b> du Loto du patrimoine, que le projet de r\u00e9fection du clocher qui date du milieu du XIXe si\u00e8cle, jusqu\u2019\u00e0 la premi\u00e8re trav\u00e9e de l\u2019\u00e9glise, s\u2019est acc\u00e9l\u00e9r\u00e9 d\u2019un coup.<\/p>\n<p>    <img   decoding=\"async\" loading=\"lazy\" class=\"size-large\" src=\"https:\/\/www.europesays.com\/fr\/wp-content\/uploads\/2025\/12\/d3b9b8cbb7496b7b9b8cbb7498bb9bv-960x640.jpg\" alt=\"Depuis septembre, l'\u00e9glise de La Bouille est compl\u00e8tement ferm\u00e9e au public.\" width=\"960\" height=\"640\"\/><br \/>\n    Depuis septembre, l\u2019\u00e9glise de La Bouille est compl\u00e8tement ferm\u00e9e au public. \u00a9Aur\u00e9lien Delavaud<\/p>\n<p class=\" wall-content\">Mais entre-temps, la <b>crise \u00e9conomique<\/b> est pass\u00e9e par l\u00e0, en faisant grimper consid\u00e9rablement le prix des mat\u00e9riaux. Et puis la mairie a revu sa copie, plus ambitieuse, pour inclure notamment la r\u00e9novation de quatre grands vitraux.<\/p>\n<p class=\" wall-content\">\u00ab Maintenant, il y en a pour <b>1,8 million d\u2019euros<\/b> \u00bb, indique Jacques Meng. Un montant qui, au lieu de doucher la motivation de l\u2019\u00e9quipe municipale, l\u2019a pouss\u00e9e \u00e0 rechercher d\u2019autres solutions.<\/p>\n<p>Les travaux d\u00e9coup\u00e9s en deux phases<\/p>\n<p class=\" wall-content\">\u00ab On a fait la tourn\u00e9e des popotes pour demander des financements. Gr\u00e2ce \u00e0 ces aides, on a d\u00e9j\u00e0 r\u00e9colt\u00e9 50 % du montant hors taxes (1,5 M\u20ac) des travaux \u00bb, assure le maire de La Bouille.<\/p>\n<p class=\" wall-content\">Dans le d\u00e9tail, l\u2019\u00c9tat verse 203 000\u00a0\u20ac, le D\u00e9partement 150 000\u00a0\u20ac, la R\u00e9gion 100 000\u00a0\u20ac et la M\u00e9tropole 36 000\u00a0\u20ac. En ajoutant les 260 000\u00a0\u20ac du Loto du patrimoine et les 33 000\u00a0\u20ac d\u00e9j\u00e0 r\u00e9colt\u00e9s lors des animations propos\u00e9es par l\u2019Association de sauvegarde de l\u2019\u00e9glise, \u00e7a fait d\u00e9j\u00e0 une belle mise de d\u00e9part.<\/p>\n<p>Votre r\u00e9gion, votre actu !<\/p>\n<p>Recevez chaque jour les infos qui comptent pour vous.<\/p>\n<p>\t<a href=\"https:\/\/actu.fr\/newsletter\" class=\"ac-btn ac-btn--corner ac-btn--medium ac-btn--blue800\" target=\"_blank\" rel=\"noopener\">S&rsquo;incrire<\/a><\/p>\n<p class=\" wall-content\">Pour pouvoir r\u00e9aliser les travaux le plus rapidement possible tout en payant le moins de sa poche, la mairie a d\u00e9fini une strat\u00e9gie. \u00ab On a d\u00e9cid\u00e9 de couper la poire en deux, en coupant les travaux en deux tranches, explique Cl\u00e9ment Bouvet, le premier adjoint au maire. Avec toutes ces subventions, la premi\u00e8re tranche est d\u00e9j\u00e0 financ\u00e9e. \u00bb<\/p>\n<p class=\" wall-content\">Le chantier devrait donc commencer d\u00e8s 2026, avec l\u2019installation d\u2019un grand \u00e9chafaudage.<\/p>\n<blockquote class=\"ac-article-quote wall-content\">\n<p>L\u2019objectif, pour cette premi\u00e8re tranche, c\u2019est de r\u00e9nover la partie haute du clocher et le paratonnerre.<\/p>\n<p>Jacques Meng, maire de La Bouille<\/p><\/blockquote>\n<p class=\" wall-content\">Son adjoint abonde : \u00ab C\u2019est de la reprise de pierre de ma\u00e7onnerie. C\u2019est un travail patrimonial tr\u00e8s fin pour refaire \u00e0 l\u2019identique, tout en consolidant et en s\u00e9curisant. Dans cette premi\u00e8re tranche, il y aura aussi la r\u00e9novation des deux vitraux de la fa\u00e7ade. \u00bb<\/p>\n<p>Un emprunt pour aller au bout du projet<\/p>\n<p class=\" wall-content\">Pour cette premi\u00e8re phase de chantier, selon le maire, il faut compter environ un an de travaux. \u00ab Pendant ce temps, on va aller resolliciter tout le monde pour la deuxi\u00e8me tranche de travaux \u00bb, pr\u00e9sente l\u2019\u00e9lu.<\/p>\n<p class=\" wall-content\">Pour la seconde phase, qui concernera donc le bas du clocher et l\u2019entr\u00e9e de l\u2019\u00e9glise jusqu\u2019\u00e0 cette fameuse premi\u00e8re trav\u00e9e, il n\u2019est pas s\u00fbr d\u2019obtenir les m\u00eames sommes. Alors la mairie essaye de pr\u00e9voir le coup : \u00ab Le reste \u00e0 charge sera <b>financ\u00e9 par l\u2019emprunt<\/b>, on le sait, mais on essaiera d\u2019emprunter le moins possible. \u00bb D\u2019autant plus que la commune ne finira de payer qu\u2019en 2030 l\u2019emprunt pris sur 25\u00a0ans au moment des travaux de l\u2019\u00e9cole.<\/p>\n<p>    <img   decoding=\"async\" loading=\"lazy\" class=\"size-large\" src=\"https:\/\/www.europesays.com\/fr\/wp-content\/uploads\/2025\/12\/c4ba7afcb7496c8ba7afcb7499cba7v-960x640.jpg\" alt=\"Les deux tranches de travaux pr\u00e9voient de r\u00e9nover tout le clocher et l'entr\u00e9e de l'\u00e9glise, jusqu'\u00e0 la premi\u00e8re trav\u00e9e.\" width=\"960\" height=\"640\"\/><br \/>\n    Les deux tranches de travaux pr\u00e9voient de r\u00e9nover tout le clocher et l\u2019entr\u00e9e de l\u2019\u00e9glise, jusqu\u2019\u00e0 la premi\u00e8re trav\u00e9e. \u00a9Aur\u00e9lien Delavaud<\/p>\n<p class=\" wall-content\">Si le plan de Jacques Meng et de son \u00e9quipe se d\u00e9roule sans accroc, le maire esp\u00e8re encha\u00eener les deux phases de travaux, sans pause, \u00ab pour ne pas d\u00e9monter l\u2019\u00e9chafaudage \u00bb.<\/p>\n<p class=\" wall-content\">Dans cette version id\u00e9ale, l\u2019\u00e9glise de La Bouille pourrait \u00eatre rendue \u00e0 sa messe mensuelle et aux activit\u00e9s culturelles qu\u2019elle accueille vers la fin de l\u2019ann\u00e9e 2027, apr\u00e8s deux ans de travaux. \u00ab Il restera toujours des choses \u00e0 faire, mais apr\u00e8s \u00e7a, on aura vraiment fait le plus gros et les suivants n\u2019auront plus de gros soucis avec l\u2019\u00e9glise \u00bb, conclut Jacques Meng.<\/p>\n<p class=\" wall-content\">Personnalisez votre actualit\u00e9 en ajoutant vos villes et m\u00e9dias en favori avec <a href=\"https:\/\/moncompte.actu.fr\" title=\"D\u00e9couvez Mon Actu\" rel=\"nofollow noopener\" data-trk=\"{&quot;cta&quot;:{&quot;action&quot;:&quot;https:\\\/\\\/moncompte.actu.fr&quot;,&quot;category&quot;:&quot;mon compte&quot;,&quot;from&quot;:&quot;article footer&quot;,&quot;name&quot;:&quot;Mon actu&quot;,&quot;type&quot;:&quot;cta&quot;}}\" target=\"_blank\">Mon Actu<\/a>.<\/p>\n","protected":false},"excerpt":{"rendered":"Par Aur\u00e9lien Delavaud Publi\u00e9 le 21 d\u00e9c. 2025 \u00e0 22h29 Un long filet pour enrober le clocher, que&hellip;\n","protected":false},"author":2,"featured_media":614656,"comment_status":"","ping_status":"","sticky":false,"template":"","format":"standard","meta":{"footnotes":""},"categories":[9587],"tags":[1111,11,1777,674,53847,1011,27,12,5161,2551,25,9590,104],"class_list":{"0":"post-614655","1":"post","2":"type-post","3":"status-publish","4":"format-standard","5":"has-post-thumbnail","7":"category-rouen","8":"tag-actu","9":"tag-actualites","10":"tag-eu","11":"tag-europe","12":"tag-fondation-du-patrimoine","13":"tag-fr","14":"tag-france","15":"tag-news","16":"tag-normandie","17":"tag-patrimoine","18":"tag-republique-francaise","19":"tag-rouen","20":"tag-societe"},"share_on_mastodon":{"url":"https:\/\/pubeurope.com\/@fr\/115759964332462254","error":""},"_links":{"self":[{"href":"https:\/\/www.europesays.com\/fr\/wp-json\/wp\/v2\/posts\/614655","targetHints":{"allow":["GET"]}}],"collection":[{"href":"https:\/\/www.europesays.com\/fr\/wp-json\/wp\/v2\/posts"}],"about":[{"href":"https:\/\/www.europesays.com\/fr\/wp-json\/wp\/v2\/types\/post"}],"author":[{"embeddable":true,"href":"https:\/\/www.europesays.com\/fr\/wp-json\/wp\/v2\/users\/2"}],"replies":[{"embeddable":true,"href":"https:\/\/www.europesays.com\/fr\/wp-json\/wp\/v2\/comments?post=614655"}],"version-history":[{"count":0,"href":"https:\/\/www.europesays.com\/fr\/wp-json\/wp\/v2\/posts\/614655\/revisions"}],"wp:featuredmedia":[{"embeddable":true,"href":"https:\/\/www.europesays.com\/fr\/wp-json\/wp\/v2\/media\/614656"}],"wp:attachment":[{"href":"https:\/\/www.europesays.com\/fr\/wp-json\/wp\/v2\/media?parent=614655"}],"wp:term":[{"taxonomy":"category","embeddable":true,"href":"https:\/\/www.europesays.com\/fr\/wp-json\/wp\/v2\/categories?post=614655"},{"taxonomy":"post_tag","embeddable":true,"href":"https:\/\/www.europesays.com\/fr\/wp-json\/wp\/v2\/tags?post=614655"}],"curies":[{"name":"wp","href":"https:\/\/api.w.org\/{rel}","templated":true}]}}