{"id":614659,"date":"2025-12-21T22:43:40","date_gmt":"2025-12-21T22:43:40","guid":{"rendered":"https:\/\/www.europesays.com\/fr\/614659\/"},"modified":"2025-12-21T22:43:40","modified_gmt":"2025-12-21T22:43:40","slug":"grenoble-une-quadragenaire-condamnee-a-huit-ans-de-prison-pour-des-viols-sur-un-ado-de-14-ans","status":"publish","type":"post","link":"https:\/\/www.europesays.com\/fr\/614659\/","title":{"rendered":"Grenoble. Une quadrag\u00e9naire condamn\u00e9e \u00e0 huit ans de prison pour des viols sur un ado de 14 ans"},"content":{"rendered":"<p>Tous les membres de la famille d\u2019Isaac* l\u2019affirment\u00a0: Aurore Crosta \u00e9tait \u00ab\u00a0une amie de la famille\u00a0\u00bb. C\u2019est \u00e0 ce titre qu\u2019ils avaient, au printemps 2020, accueilli la Vauclusienne alors \u00e2g\u00e9e de 35\u00a0ans chez eux. Cette famille is\u00e9roise avait en effet accept\u00e9 d\u2019h\u00e9berger la trentenaire fra\u00eechement dipl\u00f4m\u00e9e d\u2019un master en th\u00e9ologie et travaillant \u00e0 mi-temps pour l\u2019\u00e9glise \u00e9vang\u00e9lique fr\u00e9quent\u00e9e par Isaac et sa famille. Le temps pour elle de trouver un logement.<\/p>\n<p>Cinq ans et demi plus tard, \u00e0 la barre de la cour criminelle de l\u2019Is\u00e8re, tous les membres de cette famille soud\u00e9e \u2013 sauf Isaac qui n\u2019a pas eu la force d\u2019assister au&#8230;<\/p>\n","protected":false},"excerpt":{"rendered":"Tous les membres de la famille d\u2019Isaac* l\u2019affirment\u00a0: Aurore Crosta \u00e9tait \u00ab\u00a0une amie de la famille\u00a0\u00bb. C\u2019est \u00e0&hellip;\n","protected":false},"author":2,"featured_media":614660,"comment_status":"","ping_status":"","sticky":false,"template":"","format":"standard","meta":{"footnotes":""},"categories":[9566],"tags":[1111,11,2430,271,272,112,1777,674,274,107,1011,27,2731,2732,108,12,25],"class_list":{"0":"post-614659","1":"post","2":"type-post","3":"status-publish","4":"format-standard","5":"has-post-thumbnail","7":"category-grenoble","8":"tag-actu","9":"tag-actualites","10":"tag-auvergne-rhone-alpes","11":"tag-crime","12":"tag-delit-et-contravention","13":"tag-edition-grenoble-agglomeration","14":"tag-eu","15":"tag-europe","16":"tag-faits-divers-justice","17":"tag-fil-info","18":"tag-fr","19":"tag-france","20":"tag-grenoble","21":"tag-grenoble-bassin","22":"tag-isere","23":"tag-news","24":"tag-republique-francaise"},"share_on_mastodon":{"url":"https:\/\/pubeurope.com\/@fr\/115759979074492309","error":""},"_links":{"self":[{"href":"https:\/\/www.europesays.com\/fr\/wp-json\/wp\/v2\/posts\/614659","targetHints":{"allow":["GET"]}}],"collection":[{"href":"https:\/\/www.europesays.com\/fr\/wp-json\/wp\/v2\/posts"}],"about":[{"href":"https:\/\/www.europesays.com\/fr\/wp-json\/wp\/v2\/types\/post"}],"author":[{"embeddable":true,"href":"https:\/\/www.europesays.com\/fr\/wp-json\/wp\/v2\/users\/2"}],"replies":[{"embeddable":true,"href":"https:\/\/www.europesays.com\/fr\/wp-json\/wp\/v2\/comments?post=614659"}],"version-history":[{"count":0,"href":"https:\/\/www.europesays.com\/fr\/wp-json\/wp\/v2\/posts\/614659\/revisions"}],"wp:featuredmedia":[{"embeddable":true,"href":"https:\/\/www.europesays.com\/fr\/wp-json\/wp\/v2\/media\/614660"}],"wp:attachment":[{"href":"https:\/\/www.europesays.com\/fr\/wp-json\/wp\/v2\/media?parent=614659"}],"wp:term":[{"taxonomy":"category","embeddable":true,"href":"https:\/\/www.europesays.com\/fr\/wp-json\/wp\/v2\/categories?post=614659"},{"taxonomy":"post_tag","embeddable":true,"href":"https:\/\/www.europesays.com\/fr\/wp-json\/wp\/v2\/tags?post=614659"}],"curies":[{"name":"wp","href":"https:\/\/api.w.org\/{rel}","templated":true}]}}