{"id":61466,"date":"2025-04-29T09:40:09","date_gmt":"2025-04-29T09:40:09","guid":{"rendered":"https:\/\/www.europesays.com\/fr\/61466\/"},"modified":"2025-04-29T09:40:09","modified_gmt":"2025-04-29T09:40:09","slug":"nancy-budget-participatif-les-votes-sont-ouverts","status":"publish","type":"post","link":"https:\/\/www.europesays.com\/fr\/61466\/","title":{"rendered":"Nancy. Budget participatif\u00a0: les votes sont ouverts"},"content":{"rendered":"<p>Direction les urnes. Depuis le 22\u00a0avril et jusqu\u2019au 31\u00a0mai, les habitants, usagers et acteurs de Nancy sont invit\u00e9s \u00e0 voter pour l\u2019un des 41 projets retenus pour <a href=\"https:\/\/www.estrepublicain.fr\/economie\/2024\/11\/19\/budget-participatif-2025-l-appel-a-projets-demarre-ce-mercredi\" target=\"_blank\" rel=\"noopener\">le budget participatif.<\/a> \u00a0Ce dispositif, install\u00e9 \u00e0 Nancy depuis 2020, a notamment permis la cr\u00e9ation du miroir d\u2019eau de la P\u00e9pini\u00e8re, la v\u00e9g\u00e9talisation de la Place des Vosges ou encore les acc\u00e8s \u00e0 des points d\u2019eau potable gratuits.<\/p>\n<p>La pr\u00e9c\u00e9dente \u00e9dition avait abouti \u00e0 la validation de 13 projets dont certains, comme la v\u00e9g\u00e9talisation de la Place Charles-III (150\u00a0000\u00a0\u20ac), ne sont pas encore livr\u00e9s. Pas de sujet d\u2019inqui\u00e9tude selon l\u2019adjoint d\u00e9l\u00e9gu\u00e9 \u00e0 la vie des quartiers, Bora Yilmaz\u00a0: \u00ab\u00a0Pour ce cas, nous sommes soumis \u00e0 un d\u00e9lai li\u00e9 \u00e0 des fouilles de l\u2019INRAP sur la placette Saint-S\u00e9bastien. Cela fait partie des impond\u00e9rables comme les travaux sur les arbres retard\u00e9s pour cause de nidification du c\u00f4t\u00e9 du projet d\u2019am\u00e9nagements d\u2019espace ludique quai Ren\u00e9-II. \u00c0 partir du moment o\u00f9 le projet a \u00e9t\u00e9 vot\u00e9 et valid\u00e9, il sera effectu\u00e9.\u00a0\u00bb<\/p>\n<p>  213 projets d\u00e9pos\u00e9s<\/p>\n<p>Avec 213 projets d\u00e9pos\u00e9s, la cinqui\u00e8me campagne confirme que cette initiative citoyenne a trouv\u00e9 sa vitesse de croisi\u00e8re. La commission mixte d\u2019instruction a ainsi s\u00e9lectionn\u00e9, selon leur crit\u00e8re de faisabilit\u00e9, 41 projets \u00e0 soumettre aux votes pour un budget global 1,2\u00a0million d\u2019euros.<\/p>\n<p>Le point d\u2019am\u00e9lioration souhait\u00e9 par Bora Yilmaz r\u00e9sidera dans la capacit\u00e9 \u00e0 sensibiliser aux votes. \u00ab\u00a0Entre la premi\u00e8re \u00e9dition et celle de l\u2019ann\u00e9e pass\u00e9e, nous avons quadrupl\u00e9 <a href=\"https:\/\/www.estrepublicain.fr\/politique\/2024\/06\/15\/les-projets-du-budget-participatif-2024\" target=\"_blank\" rel=\"noopener\">le nombre de votants<\/a> (Ndlr\u00a0: 4\u00a0235 en 2024 dont 1\u00a0968 <a href=\"https:\/\/jeparticipe.metropolegrandnancy.fr\/processes\/budget-participatif-2025\/f\/1106\/budgets\/119\/projects\" target=\"_blank\" rel=\"noopener\">\u00e9lectroniques<\/a> ), mais on ne peut s\u2019en satisfaire. On aimerait notamment plus impliquer le milieu \u00e9tudiant dans le processus.\u00a0\u00bb D\u2019o\u00f9 l\u2019ajout de quatre nouveaux lieux de vote au sein des Crous pour un total de <a href=\"https:\/\/jeparticipe.metropolegrandnancy.fr\/processes\/budget-participatif-2025\/f\/1111\/\" target=\"_blank\" rel=\"noopener\">24 points de vote.<\/a><\/p>\n<p>  Les 41 projets par ordre d\u00e9croissant<\/p>\n<p><strong>250\u00a0000\u00a0\u20ac\u00a0:<\/strong> city-stade couvert \u00e0 Buffon\u00a0; cheminement pi\u00e9ton dans les parcs\u00a0; embellir l\u2019aire de jeux du parc Olry.<\/p>\n<p><strong>220\u00a0000\u00a0\u20ac\u00a0:<\/strong> r\u00e9am\u00e9nager le kiosque du parc Sainte-Marie.<\/p>\n<p><strong>200\u00a0000\u00a0\u20ac\u00a0: <\/strong> mini-amphith\u00e9\u00e2tre \u00e0 la P\u00e9pini\u00e8re\u00a0; embellir le parc Bonnet.<\/p>\n<p><strong>190\u00a0000\u00a0\u20ac\u00a0:<\/strong> am\u00e9nagement place Ravel.<\/p>\n<p><strong>180\u00a0000\u00a0\u20ac\u00a0: <\/strong> v\u00e9g\u00e9taliser les espaces publics du centre-ville.<\/p>\n<p><strong>175\u00a0000\u00a0\u20ac\u00a0:<\/strong> jardins collectifs\u00a0; espace de repas plein air.<\/p>\n<p><strong>150\u00a0000\u00a0\u20ac\u00a0:<\/strong> parcours de sant\u00e9 \u00e0 Boudonville\u00a0; terrain de tennis acc\u00e8s libre\u00a0; parkour park\u00a0; arbres fruitiers dans la ville.<\/p>\n<p><strong>100\u00a0000\u00a0\u20ac\u00a0:<\/strong> espace familial quartier Mac-Mahon\u00a0; fresque street art\u00a0; un caf\u00e9 solidaire.<\/p>\n<p><strong>80\u00a0000\u00a0\u20ac\u00a0:<\/strong> \u00e9quipements sportifs favorisant la mixit\u00e9\u00a0; restaurer la fontaine place Saint-Epvre.<\/p>\n<p><strong>75\u00a0000\u00a0\u20ac\u00a0:<\/strong> parcours de lumi\u00e8res sur les berges du canal.<\/p>\n<p><strong>70\u00a0000\u00a0\u20ac\u00a0:<\/strong> voile d\u2019ombrage en ville.<\/p>\n<p><strong>60\u00a0000\u00a0\u20ac\u00a0:<\/strong> mat\u00e9riel d\u2019animation \u00e0 disposition pour f\u00eate de quartier\u00a0; pavoisement lorrain des monuments historiques\u00a0; camion solidaire\u00a0; cr\u00e9er espaces de fra\u00eecheur.<\/p>\n<p><strong>50\u00a0000\u00a0\u20ac\u00a0:<\/strong> lecture en audio et braille du paysage\u00a0; repas du soir \u00e0 la cuisine solidaire\u00a0; parcours artistique entre Meurthe et canal\u00a0; \u00e9quiper les salles municipales pour les malentendants.<\/p>\n<p><strong>40\u00a0000\u00a0\u20ac\u00a0: <\/strong> fresque urbaine sur la libert\u00e9 d\u2019expression.<\/p>\n<p><strong>35\u00a0000\u00a0\u20ac\u00a0:<\/strong> disposition de fauteuils \u00e9lectrique.<\/p>\n<p><strong>31\u00a0000\u00a0\u20ac\u00a0: <\/strong> information num\u00e9rique au cimeti\u00e8re du Sud.<\/p>\n<p><strong>30\u00a0000\u00a0\u20ac\u00a0:<\/strong> stationnement s\u00e9curis\u00e9 v\u00e9los-cargos.<\/p>\n<p><strong>25\u00a0000\u00a0\u20ac\u00a0: <\/strong> tables de ping-pong au parc Blondot.<\/p>\n<p><strong>23\u00a0000\u00a0\u20ac\u00a0:<\/strong> bo\u00eete \u00e0 dons.<\/p>\n<p><strong>15\u00a0000\u00a0\u20ac\u00a0: <\/strong> plaques comm\u00e9moratives de l\u2019\u00e9cole d\u2019hypnose\u00a0; panneau d\u2019exposition de l\u2019art et histoire des quartiers.<\/p>\n<p><strong>14\u00a0000\u00a0\u20ac\u00a0: <\/strong> arbres \u00e0 livres Parc Charles-III et square Florentin.<\/p>\n<p><strong>10\u00a0000\u00a0\u20ac\u00a0:<\/strong> mise \u00e0 disposition du mobilier pour festivit\u00e9s d\u2019Haussonville.<\/p>\n<p><strong>6\u00a0000\u00a0\u20ac\u00a0:<\/strong> tablettes num\u00e9riques pour l\u2019inclusion des jeunes.<\/p>\n<p><strong>5\u00a0000\u00a0\u20ac\u00a0: <\/strong> nichoirs pour petits animaux.<\/p>\n","protected":false},"excerpt":{"rendered":"Direction les urnes. Depuis le 22\u00a0avril et jusqu\u2019au 31\u00a0mai, les habitants, usagers et acteurs de Nancy sont invit\u00e9s&hellip;\n","protected":false},"author":2,"featured_media":61467,"comment_status":"","ping_status":"","sticky":false,"template":"","format":"standard","meta":{"footnotes":""},"categories":[9635],"tags":[1111,11,1687,1704,1777,674,1011,27,775,1702,1703,12,25],"class_list":{"0":"post-61466","1":"post","2":"type-post","3":"status-publish","4":"format-standard","5":"has-post-thumbnail","7":"category-nancy","8":"tag-actu","9":"tag-actualites","10":"tag-culture-loisirs","11":"tag-edition-nancy-et-agglomeration","12":"tag-eu","13":"tag-europe","14":"tag-fr","15":"tag-france","16":"tag-grand-est","17":"tag-nancy","18":"tag-nancy-ville-54b","19":"tag-news","20":"tag-republique-francaise"},"share_on_mastodon":{"url":"https:\/\/pubeurope.com\/@fr\/114420595154822034","error":""},"_links":{"self":[{"href":"https:\/\/www.europesays.com\/fr\/wp-json\/wp\/v2\/posts\/61466","targetHints":{"allow":["GET"]}}],"collection":[{"href":"https:\/\/www.europesays.com\/fr\/wp-json\/wp\/v2\/posts"}],"about":[{"href":"https:\/\/www.europesays.com\/fr\/wp-json\/wp\/v2\/types\/post"}],"author":[{"embeddable":true,"href":"https:\/\/www.europesays.com\/fr\/wp-json\/wp\/v2\/users\/2"}],"replies":[{"embeddable":true,"href":"https:\/\/www.europesays.com\/fr\/wp-json\/wp\/v2\/comments?post=61466"}],"version-history":[{"count":0,"href":"https:\/\/www.europesays.com\/fr\/wp-json\/wp\/v2\/posts\/61466\/revisions"}],"wp:featuredmedia":[{"embeddable":true,"href":"https:\/\/www.europesays.com\/fr\/wp-json\/wp\/v2\/media\/61467"}],"wp:attachment":[{"href":"https:\/\/www.europesays.com\/fr\/wp-json\/wp\/v2\/media?parent=61466"}],"wp:term":[{"taxonomy":"category","embeddable":true,"href":"https:\/\/www.europesays.com\/fr\/wp-json\/wp\/v2\/categories?post=61466"},{"taxonomy":"post_tag","embeddable":true,"href":"https:\/\/www.europesays.com\/fr\/wp-json\/wp\/v2\/tags?post=61466"}],"curies":[{"name":"wp","href":"https:\/\/api.w.org\/{rel}","templated":true}]}}