{"id":614678,"date":"2025-12-21T22:58:21","date_gmt":"2025-12-21T22:58:21","guid":{"rendered":"https:\/\/www.europesays.com\/fr\/614678\/"},"modified":"2025-12-21T22:58:21","modified_gmt":"2025-12-21T22:58:21","slug":"lille-pour-lol-ou-saint-cyr-collonges-en-16es","status":"publish","type":"post","link":"https:\/\/www.europesays.com\/fr\/614678\/","title":{"rendered":"Lille pour l&rsquo;OL ou Saint-Cyr Collonges en 16es"},"content":{"rendered":"<p>                            <img width=\"770\" height=\"433\" src=\"https:\/\/www.europesays.com\/fr\/wp-content\/uploads\/2025\/12\/AFP__20250928__772L3T3__v1__HighRes__FblFraLigue1LilleLyon-770x433.jpg\" class=\"attachment-article size-article wp-post-image\" alt=\"Ainsley Maitland-Niles (OL) et Olivier Giroud (Lille)\" decoding=\"async\" fetchpriority=\"high\"  \/><\/p>\n<p>Ainsley Maitland-Niles (OL) et Olivier Giroud (Lille) (Photo by Sameer Al-DOUMY \/ AFP)<\/p>\n<p>En amont de la rencontre entre l&rsquo;OL et le FC Saint-Cyr Collonges \u00e0 D\u00e9cines, le tirage au sort des 16es de finale de la Coupe de la France a eu lieu. Le vainqueur de ce dimanche soir affrontera Lille le week-end du 10 janvier.<\/p>\n<p>Cela a beau \u00eatre la f\u00eate du football lyonnais ce dimanche soir, ce match entre l&rsquo;OL et le FC Saint-Cyr Collonges n&rsquo;a rien d&rsquo;amical. Il y a une qualification pour les seizi\u00e8mes de finale de la Coupe de France \u00e0 aller chercher au terme des 90 minutes, voire plus si affinit\u00e9 avec une s\u00e9ance de tirs au but. Tout l&rsquo;enjeu de cette soir\u00e9e d\u00e9cinoise se situe l\u00e0 pour les joueurs de Paulo Fonseca et ceux de Cl\u00e9ment Guillot. Avec d\u00e9sormais la perspective de savoir qui sera leur futur adversaire en cas de qualification.<\/p>\n<p>Un choc pour un objectif de la saison<\/p>\n<p>En amont de cette derni\u00e8re rencontre des 32es se tenait le tirage au sort du tour suivant. Le week-end du 10 janvier prochain, l&rsquo;OL ou le FC Saint-Cyr Collonges affrontera Lille pour le compte des 16es de finale de la Coupe de France. Un match qui se tiendra au Stade Pierre Mauroy en cas de qualification des co\u00e9quipiers de Corentin Tolisso.<\/p>\n<p>\t\t\t\t\t<a href=\"https:\/\/www.olympique-et-lyonnais.com\/fonseca-apres-ol-fc-saint-cyr-collonges-3-0-il-a-manque-beaucoup-de-choses,387128.html\" title=\"Fonseca apr\u00e8s OL - FC Saint-Cyr Collonges (3-0) : &quot;Il a manqu\u00e9 beaucoup de choses&quot;\" target=\"_blank\" rel=\"noopener\"><img loading=\"lazy\" width=\"580\" height=\"326\" src=\"https:\/\/www.europesays.com\/fr\/wp-content\/uploads\/2025\/12\/AFP__20251127__86EW6JG__v1__HighRes__FblEurC3MaccabiLyon-580x326.jpg\" class=\"attachment-actularge size-actularge wp-post-image\" alt=\"Paulo Fonseca en discussion avec Pavel Sulc lors de Maccabi Tel Aviv - OL\" decoding=\"async\"  \/>\t\t\t\t\t<\/a><\/p>\n","protected":false},"excerpt":{"rendered":"Ainsley Maitland-Niles (OL) et Olivier Giroud (Lille) (Photo by Sameer Al-DOUMY \/ AFP) En amont de la rencontre&hellip;\n","protected":false},"author":2,"featured_media":614679,"comment_status":"","ping_status":"","sticky":false,"template":"","format":"standard","meta":{"footnotes":""},"categories":[2815],"tags":[1111,11,83,1777,674,1011,27,811,1307,12,241,978,25],"class_list":{"0":"post-614678","1":"post","2":"type-post","3":"status-publish","4":"format-standard","5":"has-post-thumbnail","7":"category-lille","8":"tag-actu","9":"tag-actualites","10":"tag-coupe-de-france","11":"tag-eu","12":"tag-europe","13":"tag-fr","14":"tag-france","15":"tag-hauts-de-france","16":"tag-lille","17":"tag-news","18":"tag-ol","19":"tag-olympique-lyonnais","20":"tag-republique-francaise"},"share_on_mastodon":{"url":"https:\/\/pubeurope.com\/@fr\/115760040353425574","error":""},"_links":{"self":[{"href":"https:\/\/www.europesays.com\/fr\/wp-json\/wp\/v2\/posts\/614678","targetHints":{"allow":["GET"]}}],"collection":[{"href":"https:\/\/www.europesays.com\/fr\/wp-json\/wp\/v2\/posts"}],"about":[{"href":"https:\/\/www.europesays.com\/fr\/wp-json\/wp\/v2\/types\/post"}],"author":[{"embeddable":true,"href":"https:\/\/www.europesays.com\/fr\/wp-json\/wp\/v2\/users\/2"}],"replies":[{"embeddable":true,"href":"https:\/\/www.europesays.com\/fr\/wp-json\/wp\/v2\/comments?post=614678"}],"version-history":[{"count":0,"href":"https:\/\/www.europesays.com\/fr\/wp-json\/wp\/v2\/posts\/614678\/revisions"}],"wp:featuredmedia":[{"embeddable":true,"href":"https:\/\/www.europesays.com\/fr\/wp-json\/wp\/v2\/media\/614679"}],"wp:attachment":[{"href":"https:\/\/www.europesays.com\/fr\/wp-json\/wp\/v2\/media?parent=614678"}],"wp:term":[{"taxonomy":"category","embeddable":true,"href":"https:\/\/www.europesays.com\/fr\/wp-json\/wp\/v2\/categories?post=614678"},{"taxonomy":"post_tag","embeddable":true,"href":"https:\/\/www.europesays.com\/fr\/wp-json\/wp\/v2\/tags?post=614678"}],"curies":[{"name":"wp","href":"https:\/\/api.w.org\/{rel}","templated":true}]}}