{"id":614680,"date":"2025-12-21T22:59:22","date_gmt":"2025-12-21T22:59:22","guid":{"rendered":"https:\/\/www.europesays.com\/fr\/614680\/"},"modified":"2025-12-21T22:59:22","modified_gmt":"2025-12-21T22:59:22","slug":"notre-selection-de-spectacles-pour-les-enfants-pendant-les-vacances-de-noel-a-marseille","status":"publish","type":"post","link":"https:\/\/www.europesays.com\/fr\/614680\/","title":{"rendered":"Notre s\u00e9lection de spectacles pour les enfants pendant les vacances de No\u00ebl \u00e0 Marseille"},"content":{"rendered":"<p class=\"rev-margin-0 rev-text-xs-normal\">Nadir, Voyage au c\u0153ur des \u00e9toiles m\u00ealera texte, musique et visuels en mapping le dimanche 28 et le lundi 29 d\u00e9cembre \u00e0 15h (8 \u20ac, d\u00e8s 8 ans, mucem.org).<\/p>\n<p class=\"rev-margin-0 rev-text-xs-bold\">\/ Photo DR Valparess<\/p>\n<p>Pendant les vacances de No\u00ebl,<strong> <a href=\"https:\/\/www.laprovence.com\/article\/culture-loisirs\/3518010452668314\/pour-les-vacances-de-noel-le-mucem-invite-les-enfants-a-un-voyage-dans-les-etoiles\" target=\"_blank\" rel=\"noopener\">le Mucem<\/a><\/strong><a href=\"https:\/\/www.laprovence.com\/article\/culture-loisirs\/3518010452668314\/pour-les-vacances-de-noel-le-mucem-invite-les-enfants-a-un-voyage-dans-les-etoiles\" target=\"_blank\" rel=\"noopener\"> propose <\/a><strong><a href=\"https:\/\/www.laprovence.com\/article\/culture-loisirs\/3518010452668314\/pour-les-vacances-de-noel-le-mucem-invite-les-enfants-a-un-voyage-dans-les-etoiles\" target=\"_blank\" rel=\"noopener\">Voyage dans les \u00e9toiles<\/a>, <\/strong>une programmation de spectacles et visite cont\u00e9es \u00e0 destination des familles en lien avec l&rsquo;exposition Lire le ciel. Parmi les spectacles annonc\u00e9s et pas encore complets, Nadir, Voyage au c\u0153ur des \u00e9toiles m\u00ealera texte, musique et visuels en mapping le dimanche\u00a028 et le lundi 29\u00a0d\u00e9cembre \u00e0 15h (<strong>8\u20ac, d\u00e8s 8\u00a0ans, mucem.org<\/strong>). La marionnette Raoul Lala animera une dr\u00f4le de conf\u00e9rence en direct des \u00e9toiles pour raconter aux enfants l&rsquo;exposition Lire le ciel\u00a0le mercredi 31\u00a0d\u00e9cembre 2025 \u00e0 15h (gratuit, d\u00e8s 7\u00a0ans).<\/p>\n<p>Le spectacle Elle tourne\u00a0!!!, \u00ab\u00a0concertino pour bo\u00eetes \u00e0 musique\u00a0\u00bb s&rsquo;adresse aux oreilles de tout-petits de\u00a06 mois \u00e0 4\u00a0ans\u00a0\u00bb\u00a0: abrit\u00e9es sous une tente ronde, une harpe et une guitare accompagn\u00e9es d&rsquo;une vingtaine de bo\u00eetes \u00e0 musique joueront des berceuses et des danses <strong>le vendredi 2\u00a0janvier \u00e0 10h30 et \u00e0 16h30, et le samedi 3\u00a0janvier \u00e0 10h30 (8\u20ac)<\/strong>. Enfin, une visite cont\u00e9e de l&rsquo;exposition Lire le ciel, sous les \u00e9toiles en M\u00e9diterran\u00e9e se d\u00e9roulera <strong>samedi\u00a020, vendredi\u00a026, samedi 27\u00a0d\u00e9cembre \u00e0 16h (5\u20ac).<\/strong><\/p>\n<p>Plus traditionnel, <a href=\"https:\/\/www.laprovence.com\/article\/sortie-loisirs\/4547457472335515\/medrano-odyssee-circassienne-epique-a-voir-a-marseille\" target=\"_blank\" rel=\"noopener\"><strong>le cirque M\u00e9drano<\/strong> <\/a>a dress\u00e9 son chapiteau sur l&rsquo;esplanade du J4 jusqu&rsquo;au 4\u00a0janvier avec son spectacle La l\u00e9gende de l&rsquo;oiseau bleu. Au programme de ce show, des<strong> <\/strong>jongleurs, des \u00e9quilibristes d\u00e9fiant la gravit\u00e9 et un ballet a\u00e9rien d&rsquo;oiseaux majestueux.<strong> <\/strong>Plusieurs s\u00e9ances sont propos\u00e9es tous les jours \u00e0 partir de 10h30 \u00e0 10h45, 14h, 16h30 et 19h30 selon les jours (<strong>cirquemedrano.fr)<\/strong><\/p>\n","protected":false},"excerpt":{"rendered":"Nadir, Voyage au c\u0153ur des \u00e9toiles m\u00ealera texte, musique et visuels en mapping le dimanche 28 et le&hellip;\n","protected":false},"author":2,"featured_media":614681,"comment_status":"","ping_status":"","sticky":false,"template":"","format":"standard","meta":{"footnotes":""},"categories":[2814],"tags":[17,1111,11,251,1719,1777,674,1011,27,151,884,12,14455,6202,471,882,25,1650,853],"class_list":{"0":"post-614680","1":"post","2":"type-post","3":"status-publish","4":"format-standard","5":"has-post-thumbnail","7":"category-marseille","8":"tag-17","9":"tag-actu","10":"tag-actualites","11":"tag-culture","12":"tag-enfants","13":"tag-eu","14":"tag-europe","15":"tag-fr","16":"tag-france","17":"tag-les","18":"tag-marseille","19":"tag-news","20":"tag-notre","21":"tag-pendant","22":"tag-pour","23":"tag-provence-alpes-cote-dazur","24":"tag-republique-francaise","25":"tag-selection","26":"tag-spectacles"},"share_on_mastodon":{"url":"https:\/\/pubeurope.com\/@fr\/115760042181362394","error":""},"_links":{"self":[{"href":"https:\/\/www.europesays.com\/fr\/wp-json\/wp\/v2\/posts\/614680","targetHints":{"allow":["GET"]}}],"collection":[{"href":"https:\/\/www.europesays.com\/fr\/wp-json\/wp\/v2\/posts"}],"about":[{"href":"https:\/\/www.europesays.com\/fr\/wp-json\/wp\/v2\/types\/post"}],"author":[{"embeddable":true,"href":"https:\/\/www.europesays.com\/fr\/wp-json\/wp\/v2\/users\/2"}],"replies":[{"embeddable":true,"href":"https:\/\/www.europesays.com\/fr\/wp-json\/wp\/v2\/comments?post=614680"}],"version-history":[{"count":0,"href":"https:\/\/www.europesays.com\/fr\/wp-json\/wp\/v2\/posts\/614680\/revisions"}],"wp:featuredmedia":[{"embeddable":true,"href":"https:\/\/www.europesays.com\/fr\/wp-json\/wp\/v2\/media\/614681"}],"wp:attachment":[{"href":"https:\/\/www.europesays.com\/fr\/wp-json\/wp\/v2\/media?parent=614680"}],"wp:term":[{"taxonomy":"category","embeddable":true,"href":"https:\/\/www.europesays.com\/fr\/wp-json\/wp\/v2\/categories?post=614680"},{"taxonomy":"post_tag","embeddable":true,"href":"https:\/\/www.europesays.com\/fr\/wp-json\/wp\/v2\/tags?post=614680"}],"curies":[{"name":"wp","href":"https:\/\/api.w.org\/{rel}","templated":true}]}}