{"id":614724,"date":"2025-12-21T23:28:12","date_gmt":"2025-12-21T23:28:12","guid":{"rendered":"https:\/\/www.europesays.com\/fr\/614724\/"},"modified":"2025-12-21T23:28:12","modified_gmt":"2025-12-21T23:28:12","slug":"carnet-noir-un-cycliste-espoir-trouve-la-mort-a-lentrainement-sports","status":"publish","type":"post","link":"https:\/\/www.europesays.com\/fr\/614724\/","title":{"rendered":"Carnet noir : Un cycliste espoir trouve la mort \u00e0 l&rsquo;entra\u00eenement : Sports"},"content":{"rendered":"<p class=\"date\">\n                                                            Thibaut Simon, Media365 : publi\u00e9 le dimanche 21 d\u00e9cembre 2025 \u00e0 23h15\n                                                    <\/p>\n<p>Licenci\u00e9 \u00e0 Angoul\u00eame, Tristan Merle (17 ans) jeune cycliste fran\u00e7ais est d\u00e9c\u00e9d\u00e9 ce samedi 20 d\u00e9cembre 2025 apr\u00e8s avoir \u00e9t\u00e9 percut\u00e9 par une voiture \u00e0 l&rsquo;entra\u00eenement.<\/p>\n<p>Une trag\u00e9die de plus dans le monde du cyclisme. Ce samedi 20 d\u00e9cembre, le v\u00e9lo club d&rsquo;Angoul\u00eame a partag\u00e9 une triste nouvelle. Tristan Merle, jeune espoir et licenci\u00e9 dans l&rsquo;association sportive charentaise a \u00e9t\u00e9 victime d&rsquo;un accident mortel comme l&rsquo;\u00e9voque Ici La Rochelle. Lors d&rsquo;un entra\u00eenement, <a href=\"https:\/\/sports.orange.fr\/cyclisme\/article\/un-jeune-cycliste-de-17-ans-decede-en-pleine-course-exclu-CNT000002kwXtF.html\" target=\"_blank\" rel=\"noopener\">le cycliste a \u00e9t\u00e9 percut\u00e9 par une voiture arriv\u00e9e en sens inverse<\/a> sur la d\u00e9partementale 25 pr\u00e8s de la commune de Bou\u00ebx. Parti avec une vingtaine de cyclistes et encadr\u00e9s par un v\u00e9hicule suiveur, Tristan Merle a subi de plein fouet le choc avec l&rsquo;automobiliste avant de d\u00e9c\u00e9der sur le coup aux alentours de 14h00 ce samedi. Une enqu\u00eate a \u00e9t\u00e9 ouverte par la police et \u00ab des d\u00e9pistages d&rsquo;alcool\u00e9mie et de stup\u00e9fiants vont \u00eatre r\u00e9alis\u00e9s sur la victime et le conducteur de la voiture \u00bb, a-t-elle d\u00e9taill\u00e9.<\/p>\n<p>Les hommages se multiplient<\/p>\n<p>Dans un communiqu\u00e9 publi\u00e9, le v\u00e9lo club d&rsquo;Angoul\u00eame partage son \u00ab immense tristesse \u00bb suite \u00e0 cette trag\u00e9die. \u00ab Tristan \u00e9tait un membre appr\u00e9ci\u00e9 du club et sa disparition soudaine nous bouleverse profond\u00e9ment \u00bb. Le club a ouvert une cellule psychologique, notamment pour les coureurs pr\u00e9sents au moment du drame. Le C.O. Couronnais Cyclisme, ancien club de Tristan Merle, a \u00e9galement rendu hommage au jeune cycliste disparu, \u00e9voquant\u00a0\u00ab un jeune homme passionn\u00e9 et appr\u00e9ci\u00e9 de tous \u00bb, qui \u00ab avait marqu\u00e9 son passage par son engagement et sa camaraderie avant de rejoindre l&rsquo;Angoul\u00eame V\u00e9lo Club en novembre 2024 \u00bb.<\/p>\n<p>Cette trag\u00e9die rappelle plusieurs cas qui se sont d\u00e9roul\u00e9s ces derniers mois dans le monde du cyclisme avec <a href=\"https:\/\/sports.orange.fr\/cyclisme\/tour-d-espagne\/article\/la-vuelta-juniors-annulee-apres-la-mort-d-un-coureur-exclu-CNT000002kkiEm.html\" target=\"_blank\" rel=\"noopener\">la disparition du coureur italien Samuele Privitera<\/a>, membre de l&rsquo;\u00e9quipe Hagens Berman Jayco et d\u00e9c\u00e9d\u00e9 lors de la premi\u00e8re \u00e9tape du Tour du Val d&rsquo;Aoste en juillet dernier. L&rsquo;an dernier, c&rsquo;est la Suissesse Muriel Furrer (18 ans) qui avait succomb\u00e9 \u00e0 un traumatisme cr\u00e2nien, quelques heures apr\u00e8s avoir chut\u00e9 lors de la course en ligne juniors des Mondiaux de Zurich.<\/p>\n","protected":false},"excerpt":{"rendered":"Thibaut Simon, Media365 : publi\u00e9 le dimanche 21 d\u00e9cembre 2025 \u00e0 23h15 Licenci\u00e9 \u00e0 Angoul\u00eame, Tristan Merle (17&hellip;\n","protected":false},"author":2,"featured_media":614725,"comment_status":"","ping_status":"","sticky":false,"template":"","format":"standard","meta":{"footnotes":""},"categories":[1411],"tags":[1154,207,1011,27,60],"class_list":{"0":"post-614724","1":"post","2":"type-post","3":"status-publish","4":"format-standard","5":"has-post-thumbnail","7":"category-cyclisme","8":"tag-cycling","9":"tag-cyclisme","10":"tag-fr","11":"tag-france","12":"tag-sports"},"share_on_mastodon":{"url":"https:\/\/pubeurope.com\/@fr\/115760156256829668","error":""},"_links":{"self":[{"href":"https:\/\/www.europesays.com\/fr\/wp-json\/wp\/v2\/posts\/614724","targetHints":{"allow":["GET"]}}],"collection":[{"href":"https:\/\/www.europesays.com\/fr\/wp-json\/wp\/v2\/posts"}],"about":[{"href":"https:\/\/www.europesays.com\/fr\/wp-json\/wp\/v2\/types\/post"}],"author":[{"embeddable":true,"href":"https:\/\/www.europesays.com\/fr\/wp-json\/wp\/v2\/users\/2"}],"replies":[{"embeddable":true,"href":"https:\/\/www.europesays.com\/fr\/wp-json\/wp\/v2\/comments?post=614724"}],"version-history":[{"count":0,"href":"https:\/\/www.europesays.com\/fr\/wp-json\/wp\/v2\/posts\/614724\/revisions"}],"wp:featuredmedia":[{"embeddable":true,"href":"https:\/\/www.europesays.com\/fr\/wp-json\/wp\/v2\/media\/614725"}],"wp:attachment":[{"href":"https:\/\/www.europesays.com\/fr\/wp-json\/wp\/v2\/media?parent=614724"}],"wp:term":[{"taxonomy":"category","embeddable":true,"href":"https:\/\/www.europesays.com\/fr\/wp-json\/wp\/v2\/categories?post=614724"},{"taxonomy":"post_tag","embeddable":true,"href":"https:\/\/www.europesays.com\/fr\/wp-json\/wp\/v2\/tags?post=614724"}],"curies":[{"name":"wp","href":"https:\/\/api.w.org\/{rel}","templated":true}]}}