{"id":614726,"date":"2025-12-21T23:29:15","date_gmt":"2025-12-21T23:29:15","guid":{"rendered":"https:\/\/www.europesays.com\/fr\/614726\/"},"modified":"2025-12-21T23:29:15","modified_gmt":"2025-12-21T23:29:15","slug":"le-psg-affrontera-le-paris-fc-en-16es-de-la-coupe-de-france","status":"publish","type":"post","link":"https:\/\/www.europesays.com\/fr\/614726\/","title":{"rendered":"Le PSG affrontera le Paris FC en 16es de la Coupe de France"},"content":{"rendered":"<p><img width=\"700\" height=\"350\" src=\"https:\/\/www.europesays.com\/fr\/wp-content\/uploads\/2025\/12\/Coupe-de-France.jpg\" class=\"attachment-jannah-image-post size-jannah-image-post wp-post-image\" alt=\"Coupe de France\" is_main_img=\"1\" decoding=\"async\" fetchpriority=\"high\"  \/><\/p>\n<p>Qualifi\u00e9 pour les seizi\u00e8mes de finale de la Coupe de France<br \/>\napr\u00e8s sa victoire contre Fontenay hier (0-4), le PSG conna\u00eet son<br \/>\nadversaire pour ce stade de la comp\u00e9tition.<\/p>\n<p>Oppos\u00e9 au <strong>Vend\u00e9e Fontenay Foot<\/strong> en 32es de<br \/>\nfinale de la <strong>Coupe de France<\/strong>, le<br \/>\n<strong>PSG<\/strong> a fait respecter la hi\u00e9rarchie face \u00e0 l\u2019\u00e9quipe<br \/>\nde <strong>National 3<\/strong> sur la pelouse du <strong>stade de<br \/>\nla Beaujoire<\/strong> \u00e0 <strong>Nantes<\/strong> hier soir <a href=\"https:\/\/canal-supporters.com\/cdf-le-psg-termine-son-annee-2025-avec-une-victoire-facile-face-a-fontenay\/\" title=\"\" target=\"_blank\" rel=\"noopener\">(0-4)<\/a>. Qualifi\u00e9 pour les seizi\u00e8mes de finale de la<br \/>\ndoyenne des comp\u00e9titions en <strong>France<\/strong>, le club de la<br \/>\ncapitale attendait de conna\u00eetre son adversaire pour ce stade de la<br \/>\ncomp\u00e9tition. Le tirage au sort a eu lieu ce dimanche soir.<\/p>\n<p>A lire aussi : <a href=\"https:\/\/canal-supporters.com\/2025-dembele-ramos-les-chiffres-apres-fontenay-psg\/\" title=\"\" target=\"_blank\" rel=\"noopener\">2025, Demb\u00e9l\u00e9, Ramos\u2026 Les chiffres apr\u00e8s Fontenay \/<br \/>\nPSG<\/a><\/p>\n<p><a href=\"https:\/\/x.com\/CanalSupporters\" target=\"_blank\" rel=\"noopener\" title=\"\">canalsupporters.com<\/a><\/p>\n<p>Deux derbys en<br \/>\nune semaine<\/p>\n<p>Et le <strong>PSG<\/strong> a h\u00e9rit\u00e9 du <strong>Paris FC<\/strong><br \/>\npour un derby francilien. Les deux \u00e9quipes s\u2019affronteront deux fois<br \/>\nen une semaine, et \u00e0 chaque fois au <strong>Parc des<br \/>\nPrinces<\/strong>. Le 4 janvier en <strong>Ligue 1<\/strong> et le<br \/>\nweek-end du 10 janvier en <strong>Coupe de France<\/strong>. Cette<br \/>\nrencontre se jouera quelques jours apr\u00e8s le <strong>Troph\u00e9e des<br \/>\nchampions<\/strong> entre les Rouge &amp; Bleu et<br \/>\n<strong>Marseille<\/strong>, qui se d\u00e9roulera le 8 janvier prochain<br \/>\n(19 heures, Ligue 1 +) au <strong><a href=\"https:\/\/canal-supporters.com\/les-raisons-du-choix-du-koweit-pour-le-trophee-des-champions\/\" title=\"\" target=\"_blank\" rel=\"noopener\">Kowe\u00eft<\/a><\/strong>.\u00a0Lors de ses 16es il y a un<br \/>\npossible choc entre <strong>Lille<\/strong> et<br \/>\n<strong>Lyon<\/strong>. Les Lyonnais jouent ce soir contre<br \/>\n<strong>Saint-Cyr Collonges<\/strong>, \u00e9quipe de <strong>R\u00e9gional<br \/>\n1<\/strong>. Il y aura aussi un match entre deux clubs de<br \/>\n<strong>Ligue 1<\/strong>, <strong>Nantes<\/strong> \/<br \/>\n<strong>Nice<\/strong> et <strong>Angers \/ Toulouse<\/strong>.<\/p>\n<p>Le tirage au<br \/>\nsort des seizi\u00e8mes de finale de la Coupe de France<\/p>\n<ul class=\"wp-block-list\">\n<li>Bayeux (R1) \/ Marseille (L1)<\/li>\n<li>Lille (L1) \/ Lyon ou Saint-Cyr Collonges (R1)<\/li>\n<li>FC Nantes (L1) \/ Nice (L1)<\/li>\n<li>Le Puy Football (N) \/ Reims (L2)<\/li>\n<li>Sochaux (N) \/ Lens (L1)<\/li>\n<li>Haut Lyonnais (N1) \/ Lorient (L1)<\/li>\n<li>Montreuil (R1) \/ Amiens (L2)<\/li>\n<li>Orl\u00e9ans (N) \/ Monaco (L1)<\/li>\n<li>Istres (N2) \/ Laval (L2)<\/li>\n<li>Avranches (N2) \/ Strasbourg (L1)<\/li>\n<li>Le Mans (L2) \/ Nancy (L2)<\/li>\n<li>Metz (L1) \/ Montpellier (L2)<\/li>\n<li>Chantilly (N2) \/ Rennes (L1)<\/li>\n<li>Bastia (L2) \/ Troyes (L2)<\/li>\n<li>Angers (L1) \/ Toulouse (L1)<\/li>\n<li><strong>PSG (L1) \/ Paris FC (L1)<\/strong><\/li>\n<\/ul>\n","protected":false},"excerpt":{"rendered":"Qualifi\u00e9 pour les seizi\u00e8mes de finale de la Coupe de France apr\u00e8s sa victoire contre Fontenay hier (0-4),&hellip;\n","protected":false},"author":2,"featured_media":573096,"comment_status":"","ping_status":"","sticky":false,"template":"","format":"standard","meta":{"footnotes":""},"categories":[1410],"tags":[72537,72538,81,82,83,787,63,1011,27,626,445,91,92,93,72539,72540,60,16207,96],"class_list":{"0":"post-614726","1":"post","2":"type-post","3":"status-publish","4":"format-standard","5":"has-post-thumbnail","7":"category-football","8":"tag-16es","9":"tag-16es-de-finale","10":"tag-canal-supporters","11":"tag-cdf","12":"tag-coupe-de-france","13":"tag-cs","14":"tag-football","15":"tag-fr","16":"tag-france","17":"tag-paris","18":"tag-paris-fc","19":"tag-paris-saint-germain","20":"tag-paris-sg","21":"tag-psg","22":"tag-seiziemes","23":"tag-seiziemes-de-finale","24":"tag-sports","25":"tag-tirage-au-sort","26":"tag-une"},"share_on_mastodon":{"url":"https:\/\/pubeurope.com\/@fr\/115760161327572423","error":""},"_links":{"self":[{"href":"https:\/\/www.europesays.com\/fr\/wp-json\/wp\/v2\/posts\/614726","targetHints":{"allow":["GET"]}}],"collection":[{"href":"https:\/\/www.europesays.com\/fr\/wp-json\/wp\/v2\/posts"}],"about":[{"href":"https:\/\/www.europesays.com\/fr\/wp-json\/wp\/v2\/types\/post"}],"author":[{"embeddable":true,"href":"https:\/\/www.europesays.com\/fr\/wp-json\/wp\/v2\/users\/2"}],"replies":[{"embeddable":true,"href":"https:\/\/www.europesays.com\/fr\/wp-json\/wp\/v2\/comments?post=614726"}],"version-history":[{"count":0,"href":"https:\/\/www.europesays.com\/fr\/wp-json\/wp\/v2\/posts\/614726\/revisions"}],"wp:featuredmedia":[{"embeddable":true,"href":"https:\/\/www.europesays.com\/fr\/wp-json\/wp\/v2\/media\/573096"}],"wp:attachment":[{"href":"https:\/\/www.europesays.com\/fr\/wp-json\/wp\/v2\/media?parent=614726"}],"wp:term":[{"taxonomy":"category","embeddable":true,"href":"https:\/\/www.europesays.com\/fr\/wp-json\/wp\/v2\/categories?post=614726"},{"taxonomy":"post_tag","embeddable":true,"href":"https:\/\/www.europesays.com\/fr\/wp-json\/wp\/v2\/tags?post=614726"}],"curies":[{"name":"wp","href":"https:\/\/api.w.org\/{rel}","templated":true}]}}