{"id":614727,"date":"2025-12-21T23:30:23","date_gmt":"2025-12-21T23:30:23","guid":{"rendered":"https:\/\/www.europesays.com\/fr\/614727\/"},"modified":"2025-12-21T23:30:23","modified_gmt":"2025-12-21T23:30:23","slug":"la-phrase-derangeante-de-johnny-hallyday-a-adeline-blondieau-quand-elle-avait-6-ans-je-trouvais-que","status":"publish","type":"post","link":"https:\/\/www.europesays.com\/fr\/614727\/","title":{"rendered":"La phrase d\u00e9rangeante de Johnny Hallyday \u00e0 Adeline Blondieau quand elle avait 6 ans : \u00ab Je trouvais que&#8230;"},"content":{"rendered":"<p class=\"has-text-color has-small-font-size\" style=\"color:#747474\">Par <a href=\"https:\/\/www.parlons-basket.com\/biographie-auteur-elsa-girard-basset\/\" target=\"_blank\" rel=\"noopener\">Elsa Girard-Basset<\/a> |\u00a0Journaliste web<\/p>\n<p><strong><strong><strong>L\u2019histoire a longtemps \u00e9t\u00e9 racont\u00e9e comme une romance hors normes, presque romanesque. Il faut toutefois reconna\u00eetre que le d\u00e9but de l\u2019histoire entre Johnny Hallyday et Adeline Blondieau, avec qui le rocker a \u00e9t\u00e9 mari\u00e9 \u00e0 deux reprises, est tout sauf banal. Et c\u2019est la com\u00e9dienne qui l\u2019avait elle-m\u00eame racont\u00e9 il y a plusieurs ann\u00e9es, avec ses mots.<\/strong><\/strong><\/strong><\/p>\n<p>Figure centrale de la chanson fran\u00e7aise, Johnny Hallyday s\u2019est mari\u00e9 \u00e0 plusieurs reprises au cours de sa vie, dont deux fois avec Adeline Blondieau. Mais \u00e0 la diff\u00e9rence des autres femmes \u00e0 qui il a pass\u00e9 la bague au doigt, il a connu la com\u00e9dienne tr\u00e8s jeune. Elle \u00e9tait en effet la fille d\u2019un ami proche du chanteur, et passait r\u00e9guli\u00e8rement du temps avec lui lors de vacances communes. <\/p>\n<p>\u00c0 l\u2019\u00e9poque, personne n\u2019imaginait que cette proximit\u00e9 enfantine d\u00e9boucherait, des ann\u00e9es plus tard, sur un mariage tr\u00e8s comment\u00e9. Pourtant, une phrase prononc\u00e9e tr\u00e8s t\u00f4t par le rockeur est rest\u00e9e grav\u00e9e dans la m\u00e9moire de la jeune fille. Dans les colonnes de Paris Match, Adeline Blondieau avait racont\u00e9 bien des ann\u00e9es plus tard cette promesse formul\u00e9e par Johnny Hallyday alors qu\u2019elle n\u2019avait que six ans :<\/p>\n<p>\u00ab\u00a0On passait des vacances ensemble. Il me promettait qu\u2019il allait m\u2019\u00e9pouser quand je serais grande. Du haut de mes 6 ans je trouvais que c\u2019\u00e9tait formidable. \u00c7a ressemblait \u00e0 un conte de f\u00e9es et j\u2019y croyais\u00a0\u00bb<\/p>\n<p>Une phrase qui, sur le moment, avait \u00e9t\u00e9 per\u00e7ue par l\u2019enfant comme un jeu ou une parole affectueuse, mais qui prend une toute autre dimension lorsque l\u2019on conna\u00eet la suite. Car en 1990, le chanteur, alors \u00e2g\u00e9 de 47 ans, \u00e9pouse effectivement Adeline Blondieau, tout juste \u00e2g\u00e9e de 19 ans. Elle s\u2019\u00e9tait souvenue :<\/p>\n<p>\u00ab\u00a0Ce qui ne devait durer que quelques jours, pour se ressaisir, a dur\u00e9 presque un an. Et nous plaisantions encore avec cette promesse de mariage. Puis les choses ont chang\u00e9. Nous nous sommes rapproch\u00e9s. Nous \u00e9tions tr\u00e8s complices. Puis la relation s\u2019est compliqu\u00e9e, devenant plus secr\u00e8te. Le jour de mes 18 ans il m\u2019a dit : \u00ab\u00a0Puisque tu es majeure, je vais pouvoir t\u2019\u00e9pouser ! \u00c7a nous semblait absolument \u00e9vident car c\u2019\u00e9tait la promesse de toujours. Un an apr\u00e8s, nous \u00e9tions mari\u00e9s.\u00a0\u00bb<\/p>\n<p>Leur histoire conjugale sera aussi intense que chaotique. Mari\u00e9s une premi\u00e8re fois en 1990, ils divorcent en 1992, se remarient en 1994, avant de se s\u00e9parer d\u00e9finitivement en 1995. Aujourd\u2019hui, avec le prisme de 2025, ces confidences jettent une lumi\u00e8re plus d\u00e9rangeante sur les origines de cette relation, et sur ces fameuses phrases du \u00ab\u00a0Taulier\u00a0\u00bb.<\/p>\n","protected":false},"excerpt":{"rendered":"Par Elsa Girard-Basset |\u00a0Journaliste web L\u2019histoire a longtemps \u00e9t\u00e9 racont\u00e9e comme une romance hors normes, presque romanesque. Il&hellip;\n","protected":false},"author":2,"featured_media":614728,"comment_status":"","ping_status":"","sticky":false,"template":"","format":"standard","meta":{"footnotes":""},"categories":[1359],"tags":[6606,58,59,1011,27,1304,973],"class_list":{"0":"post-614727","1":"post","2":"type-post","3":"status-publish","4":"format-standard","5":"has-post-thumbnail","7":"category-people","8":"tag-adeline-blondieau","9":"tag-divertissement","10":"tag-entertainment","11":"tag-fr","12":"tag-france","13":"tag-johnny-hallyday","14":"tag-people"},"share_on_mastodon":{"url":"https:\/\/pubeurope.com\/@fr\/115760163879004163","error":""},"_links":{"self":[{"href":"https:\/\/www.europesays.com\/fr\/wp-json\/wp\/v2\/posts\/614727","targetHints":{"allow":["GET"]}}],"collection":[{"href":"https:\/\/www.europesays.com\/fr\/wp-json\/wp\/v2\/posts"}],"about":[{"href":"https:\/\/www.europesays.com\/fr\/wp-json\/wp\/v2\/types\/post"}],"author":[{"embeddable":true,"href":"https:\/\/www.europesays.com\/fr\/wp-json\/wp\/v2\/users\/2"}],"replies":[{"embeddable":true,"href":"https:\/\/www.europesays.com\/fr\/wp-json\/wp\/v2\/comments?post=614727"}],"version-history":[{"count":0,"href":"https:\/\/www.europesays.com\/fr\/wp-json\/wp\/v2\/posts\/614727\/revisions"}],"wp:featuredmedia":[{"embeddable":true,"href":"https:\/\/www.europesays.com\/fr\/wp-json\/wp\/v2\/media\/614728"}],"wp:attachment":[{"href":"https:\/\/www.europesays.com\/fr\/wp-json\/wp\/v2\/media?parent=614727"}],"wp:term":[{"taxonomy":"category","embeddable":true,"href":"https:\/\/www.europesays.com\/fr\/wp-json\/wp\/v2\/categories?post=614727"},{"taxonomy":"post_tag","embeddable":true,"href":"https:\/\/www.europesays.com\/fr\/wp-json\/wp\/v2\/tags?post=614727"}],"curies":[{"name":"wp","href":"https:\/\/api.w.org\/{rel}","templated":true}]}}