{"id":614731,"date":"2025-12-21T23:34:11","date_gmt":"2025-12-21T23:34:11","guid":{"rendered":"https:\/\/www.europesays.com\/fr\/614731\/"},"modified":"2025-12-21T23:34:11","modified_gmt":"2025-12-21T23:34:11","slug":"une-theorie-de-fans-revisitee-puis-demystifiee","status":"publish","type":"post","link":"https:\/\/www.europesays.com\/fr\/614731\/","title":{"rendered":"une th\u00e9orie de fans revisit\u00e9e puis d\u00e9mystifi\u00e9e"},"content":{"rendered":"<p class=\"chapo\">Le huiti\u00e8me \u00e9pisode de Pluribus s\u2019int\u00e9resse \u00e0 une th\u00e9orie largement r\u00e9pandue parmi les fans, en la mettant \u00e0 l\u2019\u00e9preuve au fil de son intrigue, avant de d\u00e9montrer sa fausset\u00e9 et de dissiper les doutes qui l\u2019entouraient.<\/p>\n<p>Tl;dr<\/p>\n<ul>\n<li>\u00ab Pluribus \u00bb d\u00e9joue une grande th\u00e9orie sur les animaux.<\/li>\n<li>La s\u00e9rie anticipe et r\u00e9pond aux sp\u00e9culations des fans.<\/li>\n<li>L\u2019\u00e9criture joue avec les attentes du public.<\/li>\n<\/ul>\n<p>Une th\u00e9orie animale habilement \u00e9vacu\u00e9e<\/p>\n<p>Dans l\u2019univers de <strong>\u00ab <a href=\"https:\/\/www.begeek.fr\/pluribus-replonge-sur-un-lieu-emblematique-et-tragique-de-breaking-bad-que-les-fans-nont-pas-oublie-425425\" target=\"_blank\" rel=\"noopener\">Pluribus<\/a> \u00bb<\/strong>, rares sont les \u00e9pisodes qui laissent indiff\u00e9rent. La s\u00e9rie, port\u00e9e par Vince Gilligan, a encore frapp\u00e9 fort avec son huiti\u00e8me volet, intitul\u00e9 <strong>\u00ab Charm Offensive \u00bb<\/strong>. Depuis le lancement de la saison, de nombreux spectateurs s\u2019interrogeaient : les animaux feraient-ils partie du fameux esprit de ruche orchestr\u00e9 par les myst\u00e9rieux <strong>Others<\/strong>\u00a0? Apr\u00e8s avoir longuement entretenu le doute, le sc\u00e9nario prend un malin plaisir \u00e0 d\u00e9samorcer cette piste.<\/p>\n<p>Il faut dire que tout semblait pointer vers une possible connexion animale. L\u2019\u00e9pisode pr\u00e9c\u00e9dent, \u00ab The Gap \u00bb, multipliait les sc\u00e8nes o\u00f9 des lapins ou des bisons suivaient de pr\u00e8s une Carol Sturka (Rhea Seehorn) solitaire et m\u00e9fiante. Pourtant, dans \u00ab Charm Offensive \u00bb, tout bascule lors d\u2019un \u00e9change entre Carol et Zosia (Karolina Wydra) \u00e0 propos d\u2019un chien au comportement r\u00e9solument individuel. L\u2019explication tombe, implacable : \u00ab Les animaux ne font pas partie de la ruche\u2026 \u00bb, balayant du m\u00eame souffle une th\u00e9orie qui avait enflamm\u00e9 forums et r\u00e9seaux sociaux.<\/p>\n<p>L\u2019art du faux-semblant dans \u00ab Pluribus \u00bb<\/p>\n<p>Ce retournement n\u2019est qu\u2019un exemple parmi d\u2019autres d\u2019une \u00e9criture qui semble toujours avoir un coup d\u2019avance sur ses fans. D\u00e8s le d\u00e9part, la s\u00e9rie distille ses r\u00e9v\u00e9lations au compte-gouttes \u2014 \u00e0 propos du <strong>Joining<\/strong>, des \u00ab Others \u00bb, ou encore de cet intrigant virus ARN d\u2019origine extraterrestre. Mais loin de se contenter d\u2019expliquer platement ses myst\u00e8res, \u00ab Pluribus \u00bb aime brouiller les pistes.<\/p>\n<p>Ainsi, quand surviennent des questions pressantes sur l\u2019alimentation des Others ou sur la provenance du virus, la production choisit une mise en sc\u00e8ne cr\u00e9ative\u202f:<\/p>\n<ul>\n<li>Explications d\u00e9taill\u00e9es par un repr\u00e9sentant de la Maison-Blanche\u202f;<\/li>\n<li>Synth\u00e8ses visuelles fa\u00e7on C-Span improvis\u00e9es\u202f;<\/li>\n<li>Justification par un John Cena int\u00e9gr\u00e9 \u00e0 la ruche qui expose froidement l\u2019int\u00e9r\u00eat nutritionnel (et moral) du cannibalisme dans leur r\u00e9gime alimentaire.<\/li>\n<\/ul>\n<p>Chaque d\u00e9tail appara\u00eet comme une forme de dialogue taquin entre sc\u00e9naristes et spectateurs avertis.<\/p>\n<p>L\u2019intelligence narrative comme marque de fabrique<\/p>\n<p>Ce jeu subtil avec l\u2019auditoire fait toute la singularit\u00e9 du show diffus\u00e9 sur <a href=\"https:\/\/www.begeek.fr\/apple-tv-preparerait-une-serie-inedite-consacree-a-godzilla-424754\" target=\"_blank\" rel=\"noopener\">Apple TV<\/a>. On pourrait presque croire que \u00ab Pluribus \u00bb devance chaque r\u00e9flexion formul\u00e9e par sa communaut\u00e9 \u2013 pour mieux lui glisser un clin d\u2019\u0153il complice ou, parfois, lui retirer le tapis sous les pieds. Ce proc\u00e9d\u00e9 conf\u00e8re \u00e0 la s\u00e9rie une dynamique rare\u202f: celle d\u2019un r\u00e9cit qui ne craint ni la remise en question ni l\u2019autod\u00e9rision.<\/p>\n<p>Qu\u2019il s\u2019agisse d\u2019hommages \u00e0 des classiques SF ou de fausses pistes savamment orchestr\u00e9es autour du <strong>hive mind<\/strong>, \u00ab Pluribus \u00bb continue \u00e0 surprendre\u2026 et \u00e0 donner mati\u00e8re \u00e0 d\u00e9bat bien au-del\u00e0 du g\u00e9n\u00e9rique final.<\/p>\n","protected":false},"excerpt":{"rendered":"Le huiti\u00e8me \u00e9pisode de Pluribus s\u2019int\u00e9resse \u00e0 une th\u00e9orie largement r\u00e9pandue parmi les fans, en la mettant \u00e0&hellip;\n","protected":false},"author":2,"featured_media":614732,"comment_status":"","ping_status":"","sticky":false,"template":"","format":"standard","meta":{"footnotes":""},"categories":[1356],"tags":[58,59,1011,27,252,1364],"class_list":{"0":"post-614731","1":"post","2":"type-post","3":"status-publish","4":"format-standard","5":"has-post-thumbnail","7":"category-television","8":"tag-divertissement","9":"tag-entertainment","10":"tag-fr","11":"tag-france","12":"tag-television","13":"tag-tv"},"share_on_mastodon":{"url":"https:\/\/pubeurope.com\/@fr\/115760179826914743","error":""},"_links":{"self":[{"href":"https:\/\/www.europesays.com\/fr\/wp-json\/wp\/v2\/posts\/614731","targetHints":{"allow":["GET"]}}],"collection":[{"href":"https:\/\/www.europesays.com\/fr\/wp-json\/wp\/v2\/posts"}],"about":[{"href":"https:\/\/www.europesays.com\/fr\/wp-json\/wp\/v2\/types\/post"}],"author":[{"embeddable":true,"href":"https:\/\/www.europesays.com\/fr\/wp-json\/wp\/v2\/users\/2"}],"replies":[{"embeddable":true,"href":"https:\/\/www.europesays.com\/fr\/wp-json\/wp\/v2\/comments?post=614731"}],"version-history":[{"count":0,"href":"https:\/\/www.europesays.com\/fr\/wp-json\/wp\/v2\/posts\/614731\/revisions"}],"wp:featuredmedia":[{"embeddable":true,"href":"https:\/\/www.europesays.com\/fr\/wp-json\/wp\/v2\/media\/614732"}],"wp:attachment":[{"href":"https:\/\/www.europesays.com\/fr\/wp-json\/wp\/v2\/media?parent=614731"}],"wp:term":[{"taxonomy":"category","embeddable":true,"href":"https:\/\/www.europesays.com\/fr\/wp-json\/wp\/v2\/categories?post=614731"},{"taxonomy":"post_tag","embeddable":true,"href":"https:\/\/www.europesays.com\/fr\/wp-json\/wp\/v2\/tags?post=614731"}],"curies":[{"name":"wp","href":"https:\/\/api.w.org\/{rel}","templated":true}]}}