{"id":614761,"date":"2025-12-21T23:53:16","date_gmt":"2025-12-21T23:53:16","guid":{"rendered":"https:\/\/www.europesays.com\/fr\/614761\/"},"modified":"2025-12-21T23:53:16","modified_gmt":"2025-12-21T23:53:16","slug":"cdf-le-montpellier-herault-connait-son-adversaire-pour-les-16emes-de-finale-de-la-coupe-de-france","status":"publish","type":"post","link":"https:\/\/www.europesays.com\/fr\/614761\/","title":{"rendered":"[CDF] Le Montpellier H\u00e9rault connait son adversaire pour les 16\u00e8mes de finale de la Coupe de France"},"content":{"rendered":"<p>Le tirage au sort des 16\u00e8mes de finale de la Coupe de France vient de se d\u00e9rouler sur le plateau de BeIN Sports. Apr\u00e8s avoir pass\u00e9 les trois premiers tours avec s\u00e9rieux, dont le dernier vendredi soir contre Canet, les hommes de Zoumana Camara seront confront\u00e9s au FC Metz, club de Ligue 1, pour la prochaine \u00e9tape du c\u00f4t\u00e9 du Stade Saint-Symphorien\u2026 Moins de chance ce coup-ci pour les Pailladins.<\/p>\n<p>Pour rappel, cette opposition se disputera lors du week-end du 10 janvier prochain. Juste avant, le MHSC aura ouvert le bal en 2026 en championnat avec la r\u00e9ception de Dunkerque, le lundi 5. En attendant, nous vous souhaitons de passer d\u2019excellentes f\u00eates de fin d\u2019ann\u00e9e.<\/p>\n","protected":false},"excerpt":{"rendered":"Le tirage au sort des 16\u00e8mes de finale de la Coupe de France vient de se d\u00e9rouler sur&hellip;\n","protected":false},"author":2,"featured_media":614762,"comment_status":"","ping_status":"","sticky":false,"template":"","format":"standard","meta":{"footnotes":""},"categories":[9599],"tags":[328,1111,11,82,1777,674,1011,27,2208,12,2680,25],"class_list":{"0":"post-614761","1":"post","2":"type-post","3":"status-publish","4":"format-standard","5":"has-post-thumbnail","7":"category-montpellier","8":"tag-a-la-une","9":"tag-actu","10":"tag-actualites","11":"tag-cdf","12":"tag-eu","13":"tag-europe","14":"tag-fr","15":"tag-france","16":"tag-montpellier","17":"tag-news","18":"tag-occitanie","19":"tag-republique-francaise"},"share_on_mastodon":{"url":"https:\/\/pubeurope.com\/@fr\/115760254360415117","error":""},"_links":{"self":[{"href":"https:\/\/www.europesays.com\/fr\/wp-json\/wp\/v2\/posts\/614761","targetHints":{"allow":["GET"]}}],"collection":[{"href":"https:\/\/www.europesays.com\/fr\/wp-json\/wp\/v2\/posts"}],"about":[{"href":"https:\/\/www.europesays.com\/fr\/wp-json\/wp\/v2\/types\/post"}],"author":[{"embeddable":true,"href":"https:\/\/www.europesays.com\/fr\/wp-json\/wp\/v2\/users\/2"}],"replies":[{"embeddable":true,"href":"https:\/\/www.europesays.com\/fr\/wp-json\/wp\/v2\/comments?post=614761"}],"version-history":[{"count":0,"href":"https:\/\/www.europesays.com\/fr\/wp-json\/wp\/v2\/posts\/614761\/revisions"}],"wp:featuredmedia":[{"embeddable":true,"href":"https:\/\/www.europesays.com\/fr\/wp-json\/wp\/v2\/media\/614762"}],"wp:attachment":[{"href":"https:\/\/www.europesays.com\/fr\/wp-json\/wp\/v2\/media?parent=614761"}],"wp:term":[{"taxonomy":"category","embeddable":true,"href":"https:\/\/www.europesays.com\/fr\/wp-json\/wp\/v2\/categories?post=614761"},{"taxonomy":"post_tag","embeddable":true,"href":"https:\/\/www.europesays.com\/fr\/wp-json\/wp\/v2\/tags?post=614761"}],"curies":[{"name":"wp","href":"https:\/\/api.w.org\/{rel}","templated":true}]}}