{"id":614763,"date":"2025-12-21T23:55:20","date_gmt":"2025-12-21T23:55:20","guid":{"rendered":"https:\/\/www.europesays.com\/fr\/614763\/"},"modified":"2025-12-21T23:55:20","modified_gmt":"2025-12-21T23:55:20","slug":"a-rouen-les-forces-de-lordre-interrompent-la-rave-party-illegale","status":"publish","type":"post","link":"https:\/\/www.europesays.com\/fr\/614763\/","title":{"rendered":"A Rouen, les forces de l&rsquo;ordre interrompent la rave party ill\u00e9gale"},"content":{"rendered":"\n<p>Malgr\u00e9 l&rsquo;interdiction clairement formul\u00e9e par les services de l&rsquo;Etat \u00e0 la veille du week-end, une rave party \u00ab\u00a0non d\u00e9clar\u00e9e et par cons\u00e9quent ill\u00e9gale\u00a0\u00bb pr\u00e9cise la pr\u00e9fecture de Seine-Maritime, s\u2019est d\u00e9roul\u00e9e dans la nuit de ces samedi 20 au dimanche 21 d\u00e9cembre \u00e0 Rouen, <strong>dans les locaux d\u00e9saffect\u00e9s du centre aquatique de l\u2019\u00eele Lacroix<\/strong> : \u00ab\u00a0L\u2019\u00e9v\u00e9nement a rassembl\u00e9 plusieurs centaines de participants, les organisateurs ont p\u00e9n\u00e9tr\u00e9 sur les lieux par effraction\u00a0\u00bb ajoute-t-on.<\/p>\n<p>Evacuation \u00ab\u00a0sans heurts\u00a0\u00bb<\/p>\n<p>\u00c0 l\u2019issue de l\u2019\u00e9vacuation du site \u00ab\u00a0<strong>qui a \u00e9t\u00e9 r\u00e9alis\u00e9e sans heurt<\/strong>\u00a0\u00bb lit-on dans le communiqu\u00e9 adress\u00e9 \u00e0 la presse, le mat\u00e9riel de sonorisation et le v\u00e9hicule le contenant, ont fait l\u2019objet d\u2019une \u00ab\u00a0saisie conservatoire administrative conform\u00e9ment aux dispositions du Code de la s\u00e9curit\u00e9 int\u00e9rieure\u00a0\u00bb. Les contr\u00f4les de police men\u00e9s lors de ce rassemblement festif ont aussi permis de proc\u00e9der \u00e0 des verbalisations pour non-respect de l&rsquo;arr\u00eat\u00e9 pr\u00e9fectoral -les organisateurs ont indiqu\u00e9 \u00eatre au courant qu&rsquo;une interdiction \u00e9tait en vigueur-.<\/p>\n<p>Plusieurs disqueuses saisies<\/p>\n<p>Au final, 84 identit\u00e9s ont \u00e9t\u00e9 relev\u00e9es dans le cadre de verbalisations pour violation de l\u2019arr\u00eat\u00e9 pr\u00e9fectoral, deux amendes pour usage de stup\u00e9fiants ont \u00e9t\u00e9 inflig\u00e9es et une interpellation a eu lieu concernant une personne recherch\u00e9e par les services de police. <strong>Deux ports d&rsquo;armes de cat\u00e9gorie D<\/strong> ont en outre \u00e9t\u00e9 sanctionn\u00e9s et l&rsquo;ensemble du mat\u00e9riel a \u00e9t\u00e9 saisi : deux groupes \u00e9lectrog\u00e8nes, plusieurs disqueuses, des jeux de lumi\u00e8res, huit caissons de basses ou encore quatre amplificateurs.<\/p>\n","protected":false},"excerpt":{"rendered":"Malgr\u00e9 l&rsquo;interdiction clairement formul\u00e9e par les services de l&rsquo;Etat \u00e0 la veille du week-end, une rave party \u00ab\u00a0non&hellip;\n","protected":false},"author":2,"featured_media":614764,"comment_status":"","ping_status":"","sticky":false,"template":"","format":"standard","meta":{"footnotes":""},"categories":[9587],"tags":[1111,11,1777,674,1011,27,12,5161,72543,25,9590],"class_list":{"0":"post-614763","1":"post","2":"type-post","3":"status-publish","4":"format-standard","5":"has-post-thumbnail","7":"category-rouen","8":"tag-actu","9":"tag-actualites","10":"tag-eu","11":"tag-europe","12":"tag-fr","13":"tag-france","14":"tag-news","15":"tag-normandie","16":"tag-rave-party-rouen-ile-lacroix","17":"tag-republique-francaise","18":"tag-rouen"},"share_on_mastodon":{"url":"https:\/\/pubeurope.com\/@fr\/115760262499793624","error":""},"_links":{"self":[{"href":"https:\/\/www.europesays.com\/fr\/wp-json\/wp\/v2\/posts\/614763","targetHints":{"allow":["GET"]}}],"collection":[{"href":"https:\/\/www.europesays.com\/fr\/wp-json\/wp\/v2\/posts"}],"about":[{"href":"https:\/\/www.europesays.com\/fr\/wp-json\/wp\/v2\/types\/post"}],"author":[{"embeddable":true,"href":"https:\/\/www.europesays.com\/fr\/wp-json\/wp\/v2\/users\/2"}],"replies":[{"embeddable":true,"href":"https:\/\/www.europesays.com\/fr\/wp-json\/wp\/v2\/comments?post=614763"}],"version-history":[{"count":0,"href":"https:\/\/www.europesays.com\/fr\/wp-json\/wp\/v2\/posts\/614763\/revisions"}],"wp:featuredmedia":[{"embeddable":true,"href":"https:\/\/www.europesays.com\/fr\/wp-json\/wp\/v2\/media\/614764"}],"wp:attachment":[{"href":"https:\/\/www.europesays.com\/fr\/wp-json\/wp\/v2\/media?parent=614763"}],"wp:term":[{"taxonomy":"category","embeddable":true,"href":"https:\/\/www.europesays.com\/fr\/wp-json\/wp\/v2\/categories?post=614763"},{"taxonomy":"post_tag","embeddable":true,"href":"https:\/\/www.europesays.com\/fr\/wp-json\/wp\/v2\/tags?post=614763"}],"curies":[{"name":"wp","href":"https:\/\/api.w.org\/{rel}","templated":true}]}}