{"id":61477,"date":"2025-04-29T09:46:07","date_gmt":"2025-04-29T09:46:07","guid":{"rendered":"https:\/\/www.europesays.com\/fr\/61477\/"},"modified":"2025-04-29T09:46:07","modified_gmt":"2025-04-29T09:46:07","slug":"il-est-pris-la-main-dans-le-sac","status":"publish","type":"post","link":"https:\/\/www.europesays.com\/fr\/61477\/","title":{"rendered":"il est pris la main dans le sac"},"content":{"rendered":"<p>            Par<br \/>\n        <strong><br \/>\n            <a href=\"https:\/\/actu.fr\/auteur\/fmass\" title=\"Consulter tous les articles de Fabien Massin\" rel=\"nofollow noopener\" target=\"_blank\">Fabien Massin<\/a><br \/>\n        <\/strong><\/p>\n<p>        Publi\u00e9 le<\/p>\n<p>            29 avr. 2025 \u00e0 11h32        <\/p>\n<p>Ce n\u2019est pas parce qu\u2019il a des probl\u00e8mes de peau ou qu\u2019il est particuli\u00e8rement coquet que cet homme homme de 38 ans a commis ce vol \u00e9tonnant :<strong> de multiples produits cosm\u00e9tiques<\/strong> d\u00e9rob\u00e9s dans un supermarch\u00e9 de<a href=\"https:\/\/actu.fr\/normandie\/canteleu_76157\" rel=\"nofollow noopener\" target=\"_blank\"> Canteleu (Seine-Maritime)<\/a>, pour un montant de 476 euros. Des faits qui lui ont valu d\u2019\u00eatre jug\u00e9 en comparution imm\u00e9diate par le <a href=\"https:\/\/actu.fr\/tag\/tribunal-de-rouen\" rel=\"nofollow noopener\" target=\"_blank\">tribunal de Rouen<\/a> mardi 28 avril 2025.<\/p>\n<p>Pr\u00e9carit\u00e9 et toxicomanie<\/p>\n<p class=\" wall-content\">Samedi 26 avril, il a bien tent\u00e9 de dissimuler des cr\u00e8mes et autres produits de beaut\u00e9 dans un sac cach\u00e9 sous ses v\u00eatements, mais le larcin \u00e9tait trop visible, le vigile du supermarch\u00e9 l\u2019a appr\u00e9hend\u00e9 et a appel\u00e9 la police.\u00a0<\/p>\n<p class=\" wall-content\">Lors de son interpellation et devant le tribunal, cet homme de nationalit\u00e9 g\u00e9orgienne, arriv\u00e9 en France il y a deux ans, a expliqu\u00e9 qu\u2019il comptait revendre les produits afin de subvenir \u00e0 ses besoins. <strong>Il est effet sans emploi et en situation irr\u00e9guli\u00e8re<\/strong>, et vit dans un chambre d\u2019h\u00f4tel mise \u00e0 disposition par une association \u00e0 <a href=\"https:\/\/actu.fr\/ile-de-france\/seine-saint-denis_93\" rel=\"nofollow noopener\" target=\"_blank\">Sevran (Seine-Saint-Denis)<\/a>. Il est par ailleurs toxicomane, d\u00e9pendant \u00e0 l\u2019h\u00e9ro\u00efne et \u00e0 la coca\u00efne, et souffre de probl\u00e8mes de sant\u00e9.\u00a0<\/p>\n<p class=\" wall-content\">Connu de la police et de la justice, <strong>il a d\u00e9j\u00e0 \u00e9t\u00e9 condamn\u00e9 et incarc\u00e9r\u00e9<\/strong> pour des faits de vols, sous plusieurs identit\u00e9s diff\u00e9rentes. Lors de l\u2019audience, il a tent\u00e9 de convaincre les juges que cette fois-ci, ce serait sa \u00ab\u00a0derni\u00e8re affaire\u00a0\u00bb, \u00ab\u00a0je vous promets que je ne recommencerai plus\u00a0\u00bb, a-t-il d\u00e9clar\u00e9.\u00a0<\/p>\n<p class=\" wall-content\"><strong>\u00ab\u00a0Il a vol\u00e9 pour se nourrir, sa situation est pr\u00e9caire\u00a0\u00bb,<\/strong> a d\u00e9fendu son avocate.\u00a0\u00a0<\/p>\n<p class=\" wall-content\">Au final, le tribunal a condamn\u00e9 le voleur de produits cosm\u00e9tiques \u00e0 une peine de six mois de prison*, avec maintien en d\u00e9tention.\u00a0<\/p>\n<p class=\" wall-content\">*Cette peine est susceptible d\u2019appel. Tout justiciable demeure pr\u00e9sum\u00e9 innocent tant que toutes les voies de recours n\u2019ont pas \u00e9t\u00e9 \u00e9puis\u00e9es<\/p>\n<p>Suivez l\u2019actualit\u00e9 de Rouen sur notre <a href=\"https:\/\/www.whatsapp.com\/channel\/0029VaKfnf99hXF2ddApFB1D\" rel=\"nofollow noopener\" target=\"_blank\">cha\u00eene WhatsApp<\/a> et sur notre <a href=\"https:\/\/www.tiktok.com\/@76actu.fr?lang=fr\" rel=\"nofollow noopener\" target=\"_blank\">compte TikTok<\/a><\/p>\n<p class=\" wall-content\">Suivez toute l\u2019actualit\u00e9 de vos villes et m\u00e9dias favoris en vous inscrivant \u00e0 <a href=\"https:\/\/moncompte.actu.fr\" title=\"D\u00e9couvez Mon Actu\" rel=\"nofollow noopener\" data-trk=\"{&quot;cta&quot;:{&quot;action&quot;:&quot;https:\\\/\\\/moncompte.actu.fr&quot;,&quot;category&quot;:&quot;mon compte&quot;,&quot;from&quot;:&quot;article footer&quot;,&quot;name&quot;:&quot;Mon actu&quot;,&quot;type&quot;:&quot;cta&quot;}}\" target=\"_blank\">Mon Actu<\/a>.<\/p>\n<ul class=\"ac-article-tag wall-content\">\n<li><a href=\"https:\/\/actu.fr\/tag\/justice\" data-trk=\"{&quot;cta&quot;:{&quot;action&quot;:&quot;Justice&quot;,&quot;category&quot;:&quot;tag&quot;,&quot;from&quot;:&quot;article footer&quot;,&quot;name&quot;:&quot;Justice&quot;,&quot;type&quot;:&quot;cta&quot;}}\" rel=\"nofollow noopener\" target=\"_blank\">#Justice<\/a><\/li>\n<li><a href=\"https:\/\/actu.fr\/tag\/tribunal-de-rouen\" data-trk=\"{&quot;cta&quot;:{&quot;action&quot;:&quot;Tribunal de Rouen&quot;,&quot;category&quot;:&quot;tag&quot;,&quot;from&quot;:&quot;article footer&quot;,&quot;name&quot;:&quot;Tribunal de Rouen&quot;,&quot;type&quot;:&quot;cta&quot;}}\" rel=\"nofollow noopener\" target=\"_blank\">#Tribunal de Rouen<\/a><\/li>\n<\/ul>\n<p>                    <script async src=\"\/\/www.tiktok.com\/embed.js\"><\/script><\/p>\n","protected":false},"excerpt":{"rendered":"Par Fabien Massin Publi\u00e9 le 29 avr. 2025 \u00e0 11h32 Ce n\u2019est pas parce qu\u2019il a des probl\u00e8mes&hellip;\n","protected":false},"author":2,"featured_media":61478,"comment_status":"","ping_status":"","sticky":false,"template":"","format":"standard","meta":{"footnotes":""},"categories":[9587],"tags":[1111,11,1777,674,118,1011,27,303,12,5161,25,9590,13682],"class_list":{"0":"post-61477","1":"post","2":"type-post","3":"status-publish","4":"format-standard","5":"has-post-thumbnail","7":"category-rouen","8":"tag-actu","9":"tag-actualites","10":"tag-eu","11":"tag-europe","12":"tag-faits-divers","13":"tag-fr","14":"tag-france","15":"tag-justice","16":"tag-news","17":"tag-normandie","18":"tag-republique-francaise","19":"tag-rouen","20":"tag-tribunal-de-rouen"},"share_on_mastodon":{"url":"https:\/\/pubeurope.com\/@fr\/114420618737135529","error":""},"_links":{"self":[{"href":"https:\/\/www.europesays.com\/fr\/wp-json\/wp\/v2\/posts\/61477","targetHints":{"allow":["GET"]}}],"collection":[{"href":"https:\/\/www.europesays.com\/fr\/wp-json\/wp\/v2\/posts"}],"about":[{"href":"https:\/\/www.europesays.com\/fr\/wp-json\/wp\/v2\/types\/post"}],"author":[{"embeddable":true,"href":"https:\/\/www.europesays.com\/fr\/wp-json\/wp\/v2\/users\/2"}],"replies":[{"embeddable":true,"href":"https:\/\/www.europesays.com\/fr\/wp-json\/wp\/v2\/comments?post=61477"}],"version-history":[{"count":0,"href":"https:\/\/www.europesays.com\/fr\/wp-json\/wp\/v2\/posts\/61477\/revisions"}],"wp:featuredmedia":[{"embeddable":true,"href":"https:\/\/www.europesays.com\/fr\/wp-json\/wp\/v2\/media\/61478"}],"wp:attachment":[{"href":"https:\/\/www.europesays.com\/fr\/wp-json\/wp\/v2\/media?parent=61477"}],"wp:term":[{"taxonomy":"category","embeddable":true,"href":"https:\/\/www.europesays.com\/fr\/wp-json\/wp\/v2\/categories?post=61477"},{"taxonomy":"post_tag","embeddable":true,"href":"https:\/\/www.europesays.com\/fr\/wp-json\/wp\/v2\/tags?post=61477"}],"curies":[{"name":"wp","href":"https:\/\/api.w.org\/{rel}","templated":true}]}}