{"id":614776,"date":"2025-12-22T00:10:30","date_gmt":"2025-12-22T00:10:30","guid":{"rendered":"https:\/\/www.europesays.com\/fr\/614776\/"},"modified":"2025-12-22T00:10:30","modified_gmt":"2025-12-22T00:10:30","slug":"si-on-encaisse-cinq-buts-il-faut-en-marquer-six-et-contre-nantes-ce-nest-pas-possible-pourquoi-lus-concarneau-a-craque-en-defense-contre-le-fc-nante","status":"publish","type":"post","link":"https:\/\/www.europesays.com\/fr\/614776\/","title":{"rendered":"\u00ab\u00a0Si on encaisse cinq buts, il faut en marquer six. Et contre Nantes, ce n\u2019est pas possible\u00a0\u00bb\u00a0: pourquoi l\u2019US Concarneau a craqu\u00e9 en d\u00e9fense contre le FC Nantes"},"content":{"rendered":"<p>Coupe de France (32es de finale). US Concarneau (N) &#8211; FC Nantes (L1) : 3-5<\/p>\n<p>\u00ab Si on encaisse cinq buts, il faut en marquer six pour se qualifier. Et contre une \u00e9quipe comme Nantes, ce n\u2019est pas possible, surtout si on lui donne autant de cartouches alors qu\u2019elle n\u2019en a pas besoin. \u00bb En deux phrases l\u2019entra\u00eeneur de<a href=\"https:\/\/www.letelegramme.fr\/sports\/football\/us-concarneau\/\" target=\"_blank\" rel=\"noopener\"> l\u2019US Concarneau, St\u00e9phane Rossi,<\/a> a r\u00e9sum\u00e9 la lourde d\u00e9faite subie contre le FC Nantes en 32e de finale de la Coupe de France.<\/p>\n<p>Si son \u00e9quipe n\u2019a pas failli dans l\u2019engagement, dans sa volont\u00e9 de ne pas l\u00e2cher (pour revenir de 1-3 \u00e0 2-3, puis de 2-5 \u00e0 3-5), elle a commis trop d\u2019erreurs d\u00e9fensives pour esp\u00e9rer autre chose qu\u2019une cinqui\u00e8me \u00e9limination en cinq confrontations contre une \u00e9quipe de Ligue 1 en Coupe de France.<\/p>\n<p><img decoding=\"async\" src=\"https:\/\/www.europesays.com\/fr\/wp-content\/uploads\/2025\/12\/69483877f862d2a9590ae020.1.jpeg\" width=\"480\" height=\"300\" class=\"web_golden_m\" loading=\"lazy\" alt=\"\u00ab\u00a0Si on encaisse cinq buts, il faut en marquer six. Et contre Nantes, ce n\u2019est pas possible\u00a0\u00bb\u00a0: pourquoi l\u2019US Concarneau a craqu\u00e9 en d\u00e9fense contre le FC Nantes\"\/> (Photo Nicolas Cr\u00e9ach)Pauvret\u00e9 technique<\/p>\n<p>\u00ab C\u2019est d\u00fb \u00e0 notre pauvret\u00e9 technique. On a donn\u00e9 au moins trois buts sur des erreurs individuelles, d\u2019appr\u00e9ciation ou sur une mauvaise relance, car on a parfois voulu aller trop vite et on a fait des mauvais choix. \u00bb<\/p>\n<p>Dans cette faillite d\u00e9fensive, le gardien Pierre Patron a eu malheureusement sa responsabilit\u00e9 engag\u00e9e sur plusieurs buts. \u00ab Je ne vais pas vous dire qu\u2019il a fait un bon match. Pourtant il avait \u00e9t\u00e9 parfait cette semaine \u00e0 l\u2019entra\u00eenement. \u00bb<\/p>\n<p><img decoding=\"async\" src=\"https:\/\/www.europesays.com\/fr\/wp-content\/uploads\/2025\/12\/69483876b6872815b101e3ef.1.jpeg\" width=\"480\" height=\"300\" class=\"web_golden_m\" loading=\"lazy\" alt=\"Les supporters nantais avaient fait le d\u00e9placement en Bretagne pour soutenir leur \u00e9quipe.\"\/>Les supporters nantais avaient fait le d\u00e9placement en Bretagne pour soutenir leur \u00e9quipe. (Photo Nicolas Cr\u00e9ach)Samoura a mis le feu<\/p>\n<p><a href=\"https:\/\/www.letelegramme.fr\/sports\/football\/us-concarneau\/il-faut-reussir-a-les-faire-douter-cest-ce-quon-avait-fait-en-2009-guillaume-jannez-a-la-recette-pour-que-concarneau-elimine-encore-le-fc-nantes-en-coupe-de-france-6951915.php\" target=\"_blank\" rel=\"noopener\">Les Thoniers<\/a> peuvent d\u2019autant plus regretter ces cinq buts encaiss\u00e9s qu\u2019ils ont su mettre le feu dans la d\u00e9fense nantaise avec un Samoura \u00e0 nouveau particuli\u00e8rement remuant et toujours aussi percutant (c\u2019est lui qui a obtenu puis transform\u00e9 le penalty pour revenir \u00e0 3 \u00e0 2 avant la pause).<\/p>\n<p>Pour l\u2019US Concarneau, ce revers met un coup d\u2019arr\u00eat \u00e0 une s\u00e9rie d\u2019invincibilit\u00e9 qui s\u2019\u00e9tirait depuis la d\u00e9faite (3-0) \u00e0 Dijon, le 26 septembre, avec 12 matchs sans perdre (huit en championnat et quatre en Coupe de France).<\/p>\n<p><img decoding=\"async\" src=\"https:\/\/www.europesays.com\/fr\/wp-content\/uploads\/2025\/12\/694838769d3b209cf908a7b0.1.jpeg\" width=\"480\" height=\"300\" class=\"web_golden_m\" loading=\"lazy\" alt=\"La traditionnelle haie d\u2019honneur de la Coupe de France entre les deux \u00e9quipes.\"\/>La traditionnelle haie d\u2019honneur de la Coupe de France entre les deux \u00e9quipes. (Photo Nicolas Cr\u00e9ach)<\/p>\n<p>Pour le FC Nantes, c\u2019est tout l\u2019inverse, avec un premier succ\u00e8s retrouv\u00e9 depuis la victoire (1-2) au Paris FC en L1, le 24 octobre, et surtout cinq buts inscrits, une premi\u00e8re sur un score similaire depuis la victoire contre Bordeaux en Ligue 1 le 24 avril 2022.<\/p>\n<p class=\"titre-tech\">Fiche technique<\/p>\n<p class=\"tech\"><strong class=\"tech\">Arbitre<\/strong> : M. Gaillouste.<\/p>\n<p class=\"tech\"><strong class=\"tech\">Spectateurs<\/strong> : 2 999 (guichets ferm\u00e9s).<\/p>\n<p class=\"tech\"><strong class=\"tech\">BUTS<\/strong>. Concarneau : Cozza (18\u2019, csc), Samoura (45\u2019sp), Soukoua (74\u2019) ; Nantes : Deuff (15\u2019), El Arabi (23\u2019), Centonze (38\u2019), Abline (51\u2019, 58\u2019)<\/p>\n<p class=\"tech\"><strong class=\"tech\">Avertissements.<\/strong> Concarneau : Jannez (73\u2019) ; Nantes : Amian (45\u2019 + 1), Machado (75\u2019), Centonze (89\u2019).<\/p>\n<p class=\"tech\"><strong class=\"tech\">Exclusion. <\/strong>Concarneau : Leandri (88\u2019)<\/p>\n<p class=\"tech\"><strong class=\"tech\">CONCARNEAU. <\/strong>Patron &#8211; Etcheverria (Tutu, 82\u2019) Seba (Gbell\u00e9, 66\u2019), Jannez, Sinquin, Kabongo (Inquel, 57\u2019) &#8211; Goujon Picouleau (El Khemiri, 82\u2019) &#8211; Soukouna, Tell (Daf, 66\u2019), Samoura. Entra\u00eeneur : St\u00e9phane Rossi.<\/p>\n<p class=\"tech\">Non entr\u00e9s en jeu : Viot (g), Le Bonniec, Sylvestre, Hocquet.<\/p>\n<p class=\"tech\"><strong class=\"tech\">NANTES.<\/strong> Lopes &#8211; Centonze (Acapandie, 90\u00b05), Amian, Radakovic, Cozza, Machado &#8211; Tabibou (Lepenant, 69\u2019), Mwanga, Deuff &#8211; Abline, El Arabi (Coquelin, 82\u2019). Entra\u00eeneur : Ahmed Kantari.<\/p>\n<p class=\"tech\">Non entr\u00e9s en jeu : Carlgren (g), Doucour\u00e9, Tati Kwon, Ladho, Camara.<\/p>\n","protected":false},"excerpt":{"rendered":"Coupe de France (32es de finale). US Concarneau (N) &#8211; FC Nantes (L1) : 3-5 \u00ab Si on&hellip;\n","protected":false},"author":2,"featured_media":614777,"comment_status":"","ping_status":"","sticky":false,"template":"","format":"standard","meta":{"footnotes":""},"categories":[2818],"tags":[1111,11,3322,3166,1777,674,63,1011,27,766,12,2636,25,60,14656],"class_list":{"0":"post-614776","1":"post","2":"type-post","3":"status-publish","4":"format-standard","5":"has-post-thumbnail","7":"category-nantes","8":"tag-actu","9":"tag-actualites","10":"tag-concarneau","11":"tag-en-continu-sports","12":"tag-eu","13":"tag-europe","14":"tag-football","15":"tag-fr","16":"tag-france","17":"tag-nantes","18":"tag-news","19":"tag-pays-de-la-loire","20":"tag-republique-francaise","21":"tag-sports","22":"tag-us-concarneau"},"share_on_mastodon":{"url":"https:\/\/pubeurope.com\/@fr\/115760322743711578","error":""},"_links":{"self":[{"href":"https:\/\/www.europesays.com\/fr\/wp-json\/wp\/v2\/posts\/614776","targetHints":{"allow":["GET"]}}],"collection":[{"href":"https:\/\/www.europesays.com\/fr\/wp-json\/wp\/v2\/posts"}],"about":[{"href":"https:\/\/www.europesays.com\/fr\/wp-json\/wp\/v2\/types\/post"}],"author":[{"embeddable":true,"href":"https:\/\/www.europesays.com\/fr\/wp-json\/wp\/v2\/users\/2"}],"replies":[{"embeddable":true,"href":"https:\/\/www.europesays.com\/fr\/wp-json\/wp\/v2\/comments?post=614776"}],"version-history":[{"count":0,"href":"https:\/\/www.europesays.com\/fr\/wp-json\/wp\/v2\/posts\/614776\/revisions"}],"wp:featuredmedia":[{"embeddable":true,"href":"https:\/\/www.europesays.com\/fr\/wp-json\/wp\/v2\/media\/614777"}],"wp:attachment":[{"href":"https:\/\/www.europesays.com\/fr\/wp-json\/wp\/v2\/media?parent=614776"}],"wp:term":[{"taxonomy":"category","embeddable":true,"href":"https:\/\/www.europesays.com\/fr\/wp-json\/wp\/v2\/categories?post=614776"},{"taxonomy":"post_tag","embeddable":true,"href":"https:\/\/www.europesays.com\/fr\/wp-json\/wp\/v2\/tags?post=614776"}],"curies":[{"name":"wp","href":"https:\/\/api.w.org\/{rel}","templated":true}]}}