{"id":614788,"date":"2025-12-22T00:19:12","date_gmt":"2025-12-22T00:19:12","guid":{"rendered":"https:\/\/www.europesays.com\/fr\/614788\/"},"modified":"2025-12-22T00:19:12","modified_gmt":"2025-12-22T00:19:12","slug":"noel-des-enfants-des-familles-des-temps-forts-pour-tous-a-loustau-mira-beu","status":"publish","type":"post","link":"https:\/\/www.europesays.com\/fr\/614788\/","title":{"rendered":"No\u00ebl des enfants, des familles\u2026 des temps forts pour tous \u00e0 l\u2019Oustau Mira Be\u00fc"},"content":{"rendered":"<p>Apr\u00e8s des ann\u00e9es pass\u00e9es au service de l\u2019animation de la maison de retraite l\u2019<a href=\"https:\/\/www.laprovence.com\/article\/region\/2020258172358414\/une-nouvelle-centenaire-celebree-a-lehpad-loustau-mira-beue-aux-pennes-mirabeau\" target=\"_blank\" rel=\"noopener\">Oustau Mira Be\u00fc<\/a>, Didier a pris lui-m\u00eame sa retraite, et c\u2019est d\u00e9sormais Anne Sophie qui est en charge de cr\u00e9er une ambiance chaleureuse et bienveillante au sein de l\u2019\u00e9tablissement bien ancr\u00e9 dans la vie pennoise. \u00ab\u00a0C\u2019est sous l\u2019impulsion de Claire Dubourg, la directrice, confie-t-elle, que nous avons tout fait pour penser le mois de d\u00e9cembre comme un No\u00ebl chaleureux et inclusif, afin que tous les r\u00e9sidents, y compris ceux qui n\u2019ont aucune famille, aient la possibilit\u00e9 de vivre pleinement cette p\u00e9riode.\u00a0\u00bb<\/p>\n<p>Le 10\u00a0d\u00e9cembre, c\u2019\u00e9tait le <a href=\"https:\/\/www.laprovence.com\/article\/region\/75414951184839\/la-ferme-pedagogique-des-pennes-mirabeau-celebre-noel-ce-week-end-du-13-et-14-decembre\" target=\"_blank\" rel=\"noopener\">No\u00ebl<\/a> des enfants, avec l\u2019intervention d\u2019une conteuse, moment d\u00e9di\u00e9 aux enfants et aux familles. Le 18\u00a0d\u00e9cembre, le repas de f\u00eate du No\u00ebl des familles, partag\u00e9 dans une ambiance chaleureuse, a \u00e9t\u00e9 tr\u00e8s appr\u00e9ci\u00e9, d\u2019autant qu\u2019il \u00e9tait accompagn\u00e9 d\u2019un v\u00e9ritable spectacle de cirque. Le vendredi 19\u00a0d\u00e9cembre, le march\u00e9 de no\u00ebl s\u2019est install\u00e9 dans toute la r\u00e9sidence, et il \u00e9tait ouvert aux familles, aux proches des r\u00e9sidents, et m\u00eame au voisinage.<\/p>\n<p>La pr\u00e9sence de nombreux artisans locaux a favoris\u00e9 les \u00e9changes et notamment interg\u00e9n\u00e9rationnels, et bien marqu\u00e9\u00a0l\u2019ancrage de l\u2019\u00e9tablissement de &#8230;<\/p>\n","protected":false},"excerpt":{"rendered":"Apr\u00e8s des ann\u00e9es pass\u00e9es au service de l\u2019animation de la maison de retraite l\u2019Oustau Mira Be\u00fc, Didier a&hellip;\n","protected":false},"author":2,"featured_media":614789,"comment_status":"","ping_status":"","sticky":false,"template":"","format":"standard","meta":{"footnotes":""},"categories":[2814],"tags":[17,1111,11,154,1719,1777,674,72545,1011,27,884,12,15830,882,16,25,5426],"class_list":{"0":"post-614788","1":"post","2":"type-post","3":"status-publish","4":"format-standard","5":"has-post-thumbnail","7":"category-marseille","8":"tag-17","9":"tag-actu","10":"tag-actualites","11":"tag-des","12":"tag-enfants","13":"tag-eu","14":"tag-europe","15":"tag-familes","16":"tag-fr","17":"tag-france","18":"tag-marseille","19":"tag-news","20":"tag-noel","21":"tag-provence-alpes-cote-dazur","22":"tag-region","23":"tag-republique-francaise","24":"tag-temps"},"share_on_mastodon":{"url":"https:\/\/pubeurope.com\/@fr\/115760356764667451","error":""},"_links":{"self":[{"href":"https:\/\/www.europesays.com\/fr\/wp-json\/wp\/v2\/posts\/614788","targetHints":{"allow":["GET"]}}],"collection":[{"href":"https:\/\/www.europesays.com\/fr\/wp-json\/wp\/v2\/posts"}],"about":[{"href":"https:\/\/www.europesays.com\/fr\/wp-json\/wp\/v2\/types\/post"}],"author":[{"embeddable":true,"href":"https:\/\/www.europesays.com\/fr\/wp-json\/wp\/v2\/users\/2"}],"replies":[{"embeddable":true,"href":"https:\/\/www.europesays.com\/fr\/wp-json\/wp\/v2\/comments?post=614788"}],"version-history":[{"count":0,"href":"https:\/\/www.europesays.com\/fr\/wp-json\/wp\/v2\/posts\/614788\/revisions"}],"wp:featuredmedia":[{"embeddable":true,"href":"https:\/\/www.europesays.com\/fr\/wp-json\/wp\/v2\/media\/614789"}],"wp:attachment":[{"href":"https:\/\/www.europesays.com\/fr\/wp-json\/wp\/v2\/media?parent=614788"}],"wp:term":[{"taxonomy":"category","embeddable":true,"href":"https:\/\/www.europesays.com\/fr\/wp-json\/wp\/v2\/categories?post=614788"},{"taxonomy":"post_tag","embeddable":true,"href":"https:\/\/www.europesays.com\/fr\/wp-json\/wp\/v2\/tags?post=614788"}],"curies":[{"name":"wp","href":"https:\/\/api.w.org\/{rel}","templated":true}]}}